{"id":65651,"date":"2023-02-28T02:42:17","date_gmt":"2023-02-28T02:42:17","guid":{"rendered":"http:\/\/noticiastelered.com\/PortalDNoticias\/?p=65651"},"modified":"2023-02-28T02:42:18","modified_gmt":"2023-02-28T02:42:18","slug":"estados-unidos-pide-extradicion-de-ovidio-guzman%ef%bf%bc","status":"publish","type":"post","link":"http:\/\/noticiastelered.com\/PortalDNoticias\/estados-unidos-pide-extradicion-de-ovidio-guzman%ef%bf%bc\/","title":{"rendered":"Estados Unidos pide extradici\u00f3n de Ovidio Guzm\u00e1n\ufffc"},"content":{"rendered":"\n<p>Ovidio Guzm\u00e1n L\u00f3pez, hijo de Joaqu\u00edn El Chapo Guzm\u00e1n, es requerido por las autoridades de Estados Unidos, quienes ya hicieron la solicitud formal al gobierno de M\u00e9xico para su extradici\u00f3n.<\/p>\n\n\n\n<p>Fue a trav\u00e9s de una carta diplom\u00e1tica que Estados Unidos solicit\u00f3 que el hijo del Chapo Guzm\u00e1n, conocido como El Rat\u00f3n, sea transferido a dicho pa\u00eds donde est\u00e1 acusado de varios delitos, entre ellos de la importaci\u00f3n de toneladas de metanfetaminas, coca\u00edna y fentanilo, a fin de que enfrente un juicio.<\/p>\n\n\n\n<p>El plazo para que Estados Unidos hiciera la solicitud para que El Rat\u00f3n fuera transferido a ese pa\u00eds venc\u00eda este 5 de marzo. El hijo del Chapo Guzm\u00e1n se encuentra recluido en el penal de m\u00e1xima seguridad del Altiplano, en el Estado de M\u00e9xico, tras su detenci\u00f3n en enero de 2023.<\/p>\n\n\n\n<p>Desde que fue capturado, la defensa de Ovidio Guzm\u00e1n ha emprendido una estrategia para evitar su extradici\u00f3n a Estados Unidos a trav\u00e9s de la solicitud de diversos amparos y actualmente cuenta con una suspensi\u00f3n definitiva contra dicho proceso en lo que se resuelve de fondo el recurso del hijo del Chapo Guzm\u00e1n.<\/p>\n\n\n\n<p>El canciller Marcelo Ebrard hab\u00eda adelantado que la extradici\u00f3n de El Rat\u00f3n no ser\u00eda inmediata, ya que el narcotraficante tiene tambi\u00e9n un proceso en su contra en M\u00e9xico y es lo que deriv\u00f3 en la orden de captura. Ovidio Guzm\u00e1n es investigado en el pa\u00eds por al menos tres delitos cometidos en flagrancia durante su captura, de acuerdo con Rosa Icela Rodr\u00edguez, secretaria de Seguridad:<\/p>\n\n\n\n<ol><li>Delincuencia organizada<\/li><li>Posesi\u00f3n de armas de uso exclusivo de Ej\u00e9rcito<\/li><li>Homicidio, por la baja de 10 militares<\/li><\/ol>\n\n\n\n<p>Ovidio Guzm\u00e1n L\u00f3pez fue recapturado la madrugada del 5 de enero por las fuerzas federales tras un operativo en la sindicatura de Jes\u00fas Mar\u00edn, en Culiac\u00e1n, Sinaloa. Tras su detenci\u00f3n fue extra\u00eddo del lugar a bordo de un helic\u00f3ptero para evitar que el c\u00e1rtel de Sinaloa lo liberara.<\/p>\n\n\n\n<p>Autoridades de Estados Unidos ofrec\u00edan una recompensa de 5 millones de d\u00f3lares por informaci\u00f3n que llevara a la captura de Ovidio Guzm\u00e1n L\u00f3pez, quien era un miembro de alto rango dentro del c\u00e1rtel de Sinaloa junto con su hermano Joaqu\u00edn Guzm\u00e1n L\u00f3pez tras la muerte de su hermano Edgar.<\/p>\n\n\n\n<p>De acuerdo con EU, Ovidio y Joaqu\u00edn se encargaban de la supervisi\u00f3n de 11 laboratorios de metanfetamina en Sinaloa, la cual vend\u00edan al por mayor a otros miembros y a distribuidores con sede en Estados Unidos y Canad\u00e1. El Rat\u00f3n orden\u00f3 asesinar a informantes, un narcotraficante y a un cantante mexicano que se neg\u00f3 a cantar en su boda.<\/p>\n\n\n\n<p>El hijo de El Chapo Guzm\u00e1n cobr\u00f3 notoriedad en 2019 cuando miembros del Ej\u00e9rcito lo capturaron por primera vez en Sinaloa. Fue en un inmueble en el centro de Culiac\u00e1n y tras una balacera, que el hijo del exl\u00edder del c\u00e1rtel de Sinaloa fue detenido, sin embargo, ante los bloqueos y la reacci\u00f3n del grupo criminal por su arresto, el presidente Andr\u00e9s Manuel L\u00f3pez Obrador orden\u00f3 su liberaci\u00f3n para evitar que mataran a la poblaci\u00f3n.<\/p>\n\n\n<p><!-- \/wp:paragraph --><\/p>\n<p><!-- Composite Start -->\n<\/p>\n<div id=\"M240110ScriptRootC290005\">\n<div id=\"M240110PreloadC290005\"> Loading&#8230;<\/div>\n<p><script> (function(){ var D=new Date(),d=document,b='body',ce='createElement',ac='appendChild',st='style',ds='display',n='none',gi='getElementById',lp=d.location.protocol,wp=lp.indexOf('http')==0?lp:'https:'; var i=d[ce]('iframe');i[st][ds]=n;d[gi](\"M240110ScriptRootC290005\")[ac](i);try{var iw=i.contentWindow.document;iw.open();iw.writeln(\"<ht\"+\"ml><bo\"+\"dy><\/bo\"+\"dy><\/ht\"+\"ml>\");iw.close();var c=iw[b];} catch(e){var iw=d;var c=d[gi](\"M240110ScriptRootC290005\");}var dv=iw[ce]('div');dv.id=\"MG_ID\";dv[st][ds]=n;dv.innerHTML=290005;c[ac](dv); var s=iw[ce]('script');s.async='async';s.defer='defer';s.charset='utf-8';s.src=wp+\"\/\/jsc.mgid.com\/n\/o\/noticiastelered.com.290005.js?t=\"+D.getYear()+D.getMonth()+D.getUTCDate()+D.getUTCHours();c[ac](s);})(); <\/script><\/p>\n<\/div>\n<p><!-- Composite End --><\/p>","protected":false},"excerpt":{"rendered":"<p>Ovidio Guzm\u00e1n L\u00f3pez, hijo de Joaqu\u00edn El Chapo Guzm\u00e1n, es requerido por las autoridades de Estados Unidos, quienes ya hicieron la solicitud formal al gobierno de M\u00e9xico para su extradici\u00f3n. Fue a trav\u00e9s de una carta diplom\u00e1tica que Estados Unidos [&hellip;]<\/p>\n","protected":false},"author":2,"featured_media":65653,"comment_status":"open","ping_status":"open","sticky":false,"template":"","format":"standard","meta":[],"categories":[60],"tags":[],"_links":{"self":[{"href":"http:\/\/noticiastelered.com\/PortalDNoticias\/wp-json\/wp\/v2\/posts\/65651"}],"collection":[{"href":"http:\/\/noticiastelered.com\/PortalDNoticias\/wp-json\/wp\/v2\/posts"}],"about":[{"href":"http:\/\/noticiastelered.com\/PortalDNoticias\/wp-json\/wp\/v2\/types\/post"}],"author":[{"embeddable":true,"href":"http:\/\/noticiastelered.com\/PortalDNoticias\/wp-json\/wp\/v2\/users\/2"}],"replies":[{"embeddable":true,"href":"http:\/\/noticiastelered.com\/PortalDNoticias\/wp-json\/wp\/v2\/comments?post=65651"}],"version-history":[{"count":1,"href":"http:\/\/noticiastelered.com\/PortalDNoticias\/wp-json\/wp\/v2\/posts\/65651\/revisions"}],"predecessor-version":[{"id":65654,"href":"http:\/\/noticiastelered.com\/PortalDNoticias\/wp-json\/wp\/v2\/posts\/65651\/revisions\/65654"}],"wp:featuredmedia":[{"embeddable":true,"href":"http:\/\/noticiastelered.com\/PortalDNoticias\/wp-json\/wp\/v2\/media\/65653"}],"wp:attachment":[{"href":"http:\/\/noticiastelered.com\/PortalDNoticias\/wp-json\/wp\/v2\/media?parent=65651"}],"wp:term":[{"taxonomy":"category","embeddable":true,"href":"http:\/\/noticiastelered.com\/PortalDNoticias\/wp-json\/wp\/v2\/categories?post=65651"},{"taxonomy":"post_tag","embeddable":true,"href":"http:\/\/noticiastelered.com\/PortalDNoticias\/wp-json\/wp\/v2\/tags?post=65651"}],"curies":[{"name":"wp","href":"https:\/\/api.w.org\/{rel}","templated":true}]}}