{"id":65647,"date":"2023-02-28T02:39:48","date_gmt":"2023-02-28T02:39:48","guid":{"rendered":"http:\/\/noticiastelered.com\/PortalDNoticias\/?p=65647"},"modified":"2023-02-28T02:39:57","modified_gmt":"2023-02-28T02:39:57","slug":"alfredo-adame-felicita-a-erik-rubin-por-deshacerse-de-ese-cancer-refiriendose-a-andrea-legarreta%ef%bf%bc","status":"publish","type":"post","link":"http:\/\/noticiastelered.com\/PortalDNoticias\/alfredo-adame-felicita-a-erik-rubin-por-deshacerse-de-ese-cancer-refiriendose-a-andrea-legarreta%ef%bf%bc\/","title":{"rendered":"Alfredo Adame felicita a Erik Rub\u00edn por \u201cdeshacerse de ese c\u00e1ncer\u201d refiri\u00e9ndose a Andrea Legarreta\ufffc"},"content":{"rendered":"\n<p>Alfredo Adame&nbsp;es una de las figuras m\u00e1s pol\u00e9micas en el mundo del espect\u00e1culo debido a los constantes pleitos que ha protagonizado y las explosivas declaraciones contra otros famosos, como la m\u00e1s reciente en la que de nuevo se lanza contra Andrea Legarreta y felicita a&nbsp;Erik Rub\u00edn&nbsp;por el fin de su matrimonio y&nbsp;\u201cdeshacerse de un c\u00e1ncer\u201d, refiri\u00e9ndose a la conductora.&nbsp;<\/p>\n\n\n\n<p>Hace algunos d\u00edas la pareja caus\u00f3 gran alboroto en redes sociales al dar a conocer su&nbsp;separaci\u00f3n luego de 22 a\u00f1os de matrimonio. Con un emotivo mensaje puntualizaron en que a\u00fan existe una relaci\u00f3n cordial entre ellos: \u201cHoy sentimos que&nbsp;nuestra historia en pareja se ha transformado. Desde la m\u00e1s profunda sinceridad, respeto y honestidad,&nbsp;y por el gran amor que nos tenemos, seguiremos am\u00e1ndonos desde otro sitio.&nbsp;Nuestra historia de amor&nbsp;contin\u00faa en familia, como padres de nuestras amadas hijas\u201d.&nbsp;<\/p>\n\n\n\n<p>En medio de la controversia las muestras de afecto no se hicieron esperar y tanto fan\u00e1ticos como otras celebridades les hicieron saber su apoyo; sin embargo, esto no sucedi\u00f3 con Alfredo Adame ya que se lanz\u00f3 con quien fuera su compa\u00f1era de c\u00e1mara y asegur\u00f3&nbsp;no sentirse conmovido&nbsp;por su separaci\u00f3n, incluso&nbsp;felicit\u00f3 al&nbsp;ex Timbiriche&nbsp;por haberse \u201cdeshecho\u201d de un c\u00e1ncer\u201d, haciendo referencia a Legarreta.<\/p>\n\n\n\n<p>\u201cY ojal\u00e1 pase por 50 m\u00e1s de aqu\u00ed a que se muera,&nbsp;ojal\u00e1 el d\u00eda que se muera que se queme en le\u00f1a verde&nbsp;en el infierno. A m\u00ed no me conmueve (\u2026) A Erik Rub\u00edn lo felicito por haberse&nbsp;deshecho de ese c\u00e1ncer, lo felicito\u201d, dijo Alfredo Adame en un encuentro con los medios de comunicaci\u00f3n retomado por el programa \u201cHoy D\u00eda\u201d.&nbsp;<\/p>\n\n\n\n<p><strong>Pleito de Alfredo Adame y Andrea Legarreta&nbsp;<\/strong><\/p>\n\n\n\n<p>Aunque&nbsp;el actor de \u201cPor amar sin ley\u201d sostiene m\u00e1s de un pleito con algunos famosos, es el que tiene con Andrea Legarreta uno de los m\u00e1s conocidos en la far\u00e1ndula debido al tiempo que compartieron en pantalla durante su participaci\u00f3n en el matutino \u201cHoy\u201d y los a\u00f1os que ha transcurrido desde entonces durante los que ha intensificado la problem\u00e1tica.&nbsp;<\/p>\n\n\n\n<p>En m\u00e1s de una ocasi\u00f3n se mencion\u00f3 que la relaci\u00f3n entre los conductores no era buena, pero todo explot\u00f3 durante un sketch en el que ten\u00edan que realizar el papel de un taxista y una pasajera que discut\u00edan. En aquel momento Adame le grit\u00f3 a su compa\u00f1era en medio de la supuesta pelea&nbsp;\u201cqu\u00edtate, perr*\u201d&nbsp;y la molestia de Legarreta fue evidente.&nbsp;<\/p>\n\n\n\n<p>A\u00f1os despu\u00e9s, en una entrevista retomada por \u201cTodo para la mujer\u201d el actor se\u00f1al\u00f3 a Legarreta de ser la&nbsp;responsable de su salida&nbsp;del matutino y la acus\u00f3 de haberle sido infiel a su ahora expareja,&nbsp;Erik Rub\u00edn: \u201cPor ella se han cambiado a los productores y al elenco; le hace la vida imposible a todas las conductoras y conductores que llegan y que no son de su completo agrado, como Ernesto Laguardia y \u00c9rika Buenfil, por ella terminaron sac\u00e1ndolos al poco tiempo; s\u00f3lo deja&nbsp;que se queden los que le caen bien\u201d.&nbsp;<\/p>\n\n\n<p><!-- \/wp:paragraph --><\/p>\n<p><!-- Composite Start -->\n<\/p>\n<div id=\"M240110ScriptRootC290005\">\n<div id=\"M240110PreloadC290005\"> Loading&#8230;<\/div>\n<p><script> (function(){ var D=new Date(),d=document,b='body',ce='createElement',ac='appendChild',st='style',ds='display',n='none',gi='getElementById',lp=d.location.protocol,wp=lp.indexOf('http')==0?lp:'https:'; var i=d[ce]('iframe');i[st][ds]=n;d[gi](\"M240110ScriptRootC290005\")[ac](i);try{var iw=i.contentWindow.document;iw.open();iw.writeln(\"<ht\"+\"ml><bo\"+\"dy><\/bo\"+\"dy><\/ht\"+\"ml>\");iw.close();var c=iw[b];} catch(e){var iw=d;var c=d[gi](\"M240110ScriptRootC290005\");}var dv=iw[ce]('div');dv.id=\"MG_ID\";dv[st][ds]=n;dv.innerHTML=290005;c[ac](dv); var s=iw[ce]('script');s.async='async';s.defer='defer';s.charset='utf-8';s.src=wp+\"\/\/jsc.mgid.com\/n\/o\/noticiastelered.com.290005.js?t=\"+D.getYear()+D.getMonth()+D.getUTCDate()+D.getUTCHours();c[ac](s);})(); <\/script><\/p>\n<\/div>\n<p><!-- Composite End --><\/p>","protected":false},"excerpt":{"rendered":"<p>Alfredo Adame&nbsp;es una de las figuras m\u00e1s pol\u00e9micas en el mundo del espect\u00e1culo debido a los constantes pleitos que ha protagonizado y las explosivas declaraciones contra otros famosos, como la m\u00e1s reciente en la que de nuevo se lanza contra [&hellip;]<\/p>\n","protected":false},"author":2,"featured_media":65649,"comment_status":"open","ping_status":"open","sticky":false,"template":"","format":"standard","meta":[],"categories":[66],"tags":[],"_links":{"self":[{"href":"http:\/\/noticiastelered.com\/PortalDNoticias\/wp-json\/wp\/v2\/posts\/65647"}],"collection":[{"href":"http:\/\/noticiastelered.com\/PortalDNoticias\/wp-json\/wp\/v2\/posts"}],"about":[{"href":"http:\/\/noticiastelered.com\/PortalDNoticias\/wp-json\/wp\/v2\/types\/post"}],"author":[{"embeddable":true,"href":"http:\/\/noticiastelered.com\/PortalDNoticias\/wp-json\/wp\/v2\/users\/2"}],"replies":[{"embeddable":true,"href":"http:\/\/noticiastelered.com\/PortalDNoticias\/wp-json\/wp\/v2\/comments?post=65647"}],"version-history":[{"count":1,"href":"http:\/\/noticiastelered.com\/PortalDNoticias\/wp-json\/wp\/v2\/posts\/65647\/revisions"}],"predecessor-version":[{"id":65650,"href":"http:\/\/noticiastelered.com\/PortalDNoticias\/wp-json\/wp\/v2\/posts\/65647\/revisions\/65650"}],"wp:featuredmedia":[{"embeddable":true,"href":"http:\/\/noticiastelered.com\/PortalDNoticias\/wp-json\/wp\/v2\/media\/65649"}],"wp:attachment":[{"href":"http:\/\/noticiastelered.com\/PortalDNoticias\/wp-json\/wp\/v2\/media?parent=65647"}],"wp:term":[{"taxonomy":"category","embeddable":true,"href":"http:\/\/noticiastelered.com\/PortalDNoticias\/wp-json\/wp\/v2\/categories?post=65647"},{"taxonomy":"post_tag","embeddable":true,"href":"http:\/\/noticiastelered.com\/PortalDNoticias\/wp-json\/wp\/v2\/tags?post=65647"}],"curies":[{"name":"wp","href":"https:\/\/api.w.org\/{rel}","templated":true}]}}