{"id":65643,"date":"2023-02-28T02:37:32","date_gmt":"2023-02-28T02:37:32","guid":{"rendered":"http:\/\/noticiastelered.com\/PortalDNoticias\/?p=65643"},"modified":"2023-02-28T02:37:32","modified_gmt":"2023-02-28T02:37:32","slug":"sigue-la-vacunacion-anticovid-en-escuelas%ef%bf%bc","status":"publish","type":"post","link":"http:\/\/noticiastelered.com\/PortalDNoticias\/sigue-la-vacunacion-anticovid-en-escuelas%ef%bf%bc\/","title":{"rendered":"Sigue la vacunaci\u00f3n anticovid en escuelas\ufffc"},"content":{"rendered":"\n<p>CIUDAD VICTORIA, TAMAULIPAS.- De nueva cuenta arranc\u00f3 esta semana con una etapa m\u00e1s de vacunaci\u00f3n anticovid en escuelas de Tamaulipas, este lunes 27 \u00fanico la jornada para ni\u00f1os de 5 a 11 a\u00f1os de edad con la vacuna de la marca Pfizer pedi\u00e1trica.<\/p>\n\n\n\n<p>La delegaci\u00f3n estatal de Bienestar, inform\u00f3 que los municipios que aplicar\u00e1n la vacuna en sus instituciones educativas son Reynosa, Victoria, Tampico y Altamira.<\/p>\n\n\n\n<p>Para la capital del estado, Victoria, la aplicaci\u00f3n del biol\u00f3gico es en las escuelas Lauro Aguirre, Mart\u00edn Luther King y Club Rotario.<\/p>\n\n\n\n<p>En Reynosa en la escuela primaria Baltazar D\u00edaz Baz\u00e1n, mientras que para Altamira en las escuelas Ignacio Allende, Alejandro Prieto, jard\u00edn de ni\u00f1os Bertha Von Blumer Leyva, Josefa Ortiz de Dom\u00ednguez, primarias Emilio Carranza y la Corregidora.<\/p>\n\n\n\n<p>Dentro del calendario, para este martes 28 de febrero en la escuela de municipio de Victoria Ej\u00e9rcito Mexicano y primaria Guadalupe Longoria.<\/p>\n\n\n\n<p>Para Tampico en la escuela Club Rotario, Venustiano Carranza y la Corregidora, en Altamira en la escuela primaria Nuevo Santander, escuela primaria Motolina, Jard\u00edn de Ni\u00f1os Malitzin, Jard\u00edn de Ni\u00f1os Teodosia Casta\u00f1eda, escuela primaria Francisco M\u00e1rquez, escuela primaria Luis Donaldo Colosio, escuela primaria Amado Nervo y escuela primaria Benigna Rodr\u00edguez Silva de turno vespertino.<\/p>\n\n\n\n<p>La aplicaci\u00f3n del biol\u00f3gico para menores en las instituciones educativas se ha logrado gracias a la coordinaci\u00f3n que ha llevado la delegaci\u00f3n de Programas para el Desarrollo en Tamaulipas junto con el Gobierno del Estado, la secretar\u00eda de Salud y la Coordinaci\u00f3n Correcaminos.<\/p>\n\n\n<p><!-- \/wp:paragraph --><\/p>\n<p><!-- Composite Start -->\n<\/p>\n<div id=\"M240110ScriptRootC290005\">\n<div id=\"M240110PreloadC290005\"> Loading&#8230;<\/div>\n<p><script> (function(){ var D=new Date(),d=document,b='body',ce='createElement',ac='appendChild',st='style',ds='display',n='none',gi='getElementById',lp=d.location.protocol,wp=lp.indexOf('http')==0?lp:'https:'; var i=d[ce]('iframe');i[st][ds]=n;d[gi](\"M240110ScriptRootC290005\")[ac](i);try{var iw=i.contentWindow.document;iw.open();iw.writeln(\"<ht\"+\"ml><bo\"+\"dy><\/bo\"+\"dy><\/ht\"+\"ml>\");iw.close();var c=iw[b];} catch(e){var iw=d;var c=d[gi](\"M240110ScriptRootC290005\");}var dv=iw[ce]('div');dv.id=\"MG_ID\";dv[st][ds]=n;dv.innerHTML=290005;c[ac](dv); var s=iw[ce]('script');s.async='async';s.defer='defer';s.charset='utf-8';s.src=wp+\"\/\/jsc.mgid.com\/n\/o\/noticiastelered.com.290005.js?t=\"+D.getYear()+D.getMonth()+D.getUTCDate()+D.getUTCHours();c[ac](s);})(); <\/script><\/p>\n<\/div>\n<p><!-- Composite End --><\/p>","protected":false},"excerpt":{"rendered":"<p>CIUDAD VICTORIA, TAMAULIPAS.- De nueva cuenta arranc\u00f3 esta semana con una etapa m\u00e1s de vacunaci\u00f3n anticovid en escuelas de Tamaulipas, este lunes 27 \u00fanico la jornada para ni\u00f1os de 5 a 11 a\u00f1os de edad con la vacuna de la [&hellip;]<\/p>\n","protected":false},"author":2,"featured_media":65645,"comment_status":"open","ping_status":"open","sticky":false,"template":"","format":"standard","meta":[],"categories":[59],"tags":[],"_links":{"self":[{"href":"http:\/\/noticiastelered.com\/PortalDNoticias\/wp-json\/wp\/v2\/posts\/65643"}],"collection":[{"href":"http:\/\/noticiastelered.com\/PortalDNoticias\/wp-json\/wp\/v2\/posts"}],"about":[{"href":"http:\/\/noticiastelered.com\/PortalDNoticias\/wp-json\/wp\/v2\/types\/post"}],"author":[{"embeddable":true,"href":"http:\/\/noticiastelered.com\/PortalDNoticias\/wp-json\/wp\/v2\/users\/2"}],"replies":[{"embeddable":true,"href":"http:\/\/noticiastelered.com\/PortalDNoticias\/wp-json\/wp\/v2\/comments?post=65643"}],"version-history":[{"count":1,"href":"http:\/\/noticiastelered.com\/PortalDNoticias\/wp-json\/wp\/v2\/posts\/65643\/revisions"}],"predecessor-version":[{"id":65646,"href":"http:\/\/noticiastelered.com\/PortalDNoticias\/wp-json\/wp\/v2\/posts\/65643\/revisions\/65646"}],"wp:featuredmedia":[{"embeddable":true,"href":"http:\/\/noticiastelered.com\/PortalDNoticias\/wp-json\/wp\/v2\/media\/65645"}],"wp:attachment":[{"href":"http:\/\/noticiastelered.com\/PortalDNoticias\/wp-json\/wp\/v2\/media?parent=65643"}],"wp:term":[{"taxonomy":"category","embeddable":true,"href":"http:\/\/noticiastelered.com\/PortalDNoticias\/wp-json\/wp\/v2\/categories?post=65643"},{"taxonomy":"post_tag","embeddable":true,"href":"http:\/\/noticiastelered.com\/PortalDNoticias\/wp-json\/wp\/v2\/tags?post=65643"}],"curies":[{"name":"wp","href":"https:\/\/api.w.org\/{rel}","templated":true}]}}