{"id":65639,"date":"2023-02-28T02:35:15","date_gmt":"2023-02-28T02:35:15","guid":{"rendered":"http:\/\/noticiastelered.com\/PortalDNoticias\/?p=65639"},"modified":"2023-02-28T02:35:15","modified_gmt":"2023-02-28T02:35:15","slug":"participa-la-uat-en-eventos-conmemorativos-del-dia-de-la-bandera%ef%bf%bc","status":"publish","type":"post","link":"http:\/\/noticiastelered.com\/PortalDNoticias\/participa-la-uat-en-eventos-conmemorativos-del-dia-de-la-bandera%ef%bf%bc\/","title":{"rendered":"Participa la UAT en eventos conmemorativos del D\u00eda de la Bandera\ufffc"},"content":{"rendered":"\n<p>En el marco del D\u00eda de la Bandera, la Universidad Aut\u00f3noma de Tamaulipas (UAT)<br>llev\u00f3 a cabo eventos c\u00edvicos en sus diferentes campus, adem\u00e1s de participar con<br>la escolta universitaria en la ceremonia de abanderamiento que presidi\u00f3 el<br>gobernador Am\u00e9rico Villarreal Anaya, en el Polyforum de Ciudad Victoria, con la<br>asistencia del rector, C. P. Guillermo Mendoza Cavazos.<\/p>\n\n\n\n<p><br>Durante su asistencia al acto de abanderamiento, el rector destac\u00f3 la<br>importancia que representa para los universitarios conmemorar esos eventos, tras<br>resaltar que, de igual forma, se desarrollaron ceremonias de honores al l\u00e1baro<br>patrio en los campus de Victoria y Tampico.<\/p>\n\n\n\n<p><br>Adem\u00e1s, puso de relieve que esas celebraciones contribuyen a fortalecer el<br>amor a la patria y a cultivar los valores c\u00edvicos en los universitarios y en las nuevas<br>generaciones.<\/p>\n\n\n\n<p><br>As\u00ed, en el asta bandera del Centro Universitario Victoria se celebr\u00f3 un<br>evento c\u00edvico, donde se cont\u00f3 con la presencia de directivos, estudiantes,<br>docentes y personal administrativo de los planteles de esta capital.<\/p>\n\n\n\n<p><br>De manera simult\u00e1nea, se desarroll\u00f3 una ceremonia en la explanada del<br>Edificio Administrativo del Centro Universitario Sur, en un acto solemne que<br>congreg\u00f3 a la comunidad estudiantil, claustro docente y personal administrativo.<\/p>\n\n\n\n<p><br>En dichas ceremonias, organizadas por las Facultades de Derecho y<br>Ciencias Sociales de Victoria y Tampico, se realiz\u00f3 el izamiento de la bandera<br>nacional, as\u00ed como honores al l\u00e1baro patrio y al escudo de armas de Tamaulipas.<\/p>\n\n\n\n<p>En los diferentes eventos se resalt\u00f3 el compromiso que tiene la UAT al<br>formar estudiantes a trav\u00e9s de una educaci\u00f3n integral, que propicie el desarrollo<br>de valores \u00e9ticos que generen una identidad nacional, basada en el orgullo en<br>nuestros s\u00edmbolos patrios, la pureza de sus ideales y la sangre que derramaron<br>nuestros h\u00e9roes.<\/p>\n\n\n<p><!-- \/wp:paragraph --><\/p>\n<p><!-- Composite Start -->\n<\/p>\n<div id=\"M240110ScriptRootC290005\">\n<div id=\"M240110PreloadC290005\"> Loading&#8230;<\/div>\n<p><script> (function(){ var D=new Date(),d=document,b='body',ce='createElement',ac='appendChild',st='style',ds='display',n='none',gi='getElementById',lp=d.location.protocol,wp=lp.indexOf('http')==0?lp:'https:'; var i=d[ce]('iframe');i[st][ds]=n;d[gi](\"M240110ScriptRootC290005\")[ac](i);try{var iw=i.contentWindow.document;iw.open();iw.writeln(\"<ht\"+\"ml><bo\"+\"dy><\/bo\"+\"dy><\/ht\"+\"ml>\");iw.close();var c=iw[b];} catch(e){var iw=d;var c=d[gi](\"M240110ScriptRootC290005\");}var dv=iw[ce]('div');dv.id=\"MG_ID\";dv[st][ds]=n;dv.innerHTML=290005;c[ac](dv); var s=iw[ce]('script');s.async='async';s.defer='defer';s.charset='utf-8';s.src=wp+\"\/\/jsc.mgid.com\/n\/o\/noticiastelered.com.290005.js?t=\"+D.getYear()+D.getMonth()+D.getUTCDate()+D.getUTCHours();c[ac](s);})(); <\/script><\/p>\n<\/div>\n<p><!-- Composite End --><\/p>","protected":false},"excerpt":{"rendered":"<p>En el marco del D\u00eda de la Bandera, la Universidad Aut\u00f3noma de Tamaulipas (UAT)llev\u00f3 a cabo eventos c\u00edvicos en sus diferentes campus, adem\u00e1s de participar conla escolta universitaria en la ceremonia de abanderamiento que presidi\u00f3 elgobernador Am\u00e9rico Villarreal Anaya, en [&hellip;]<\/p>\n","protected":false},"author":2,"featured_media":65641,"comment_status":"open","ping_status":"open","sticky":false,"template":"","format":"standard","meta":[],"categories":[59],"tags":[],"_links":{"self":[{"href":"http:\/\/noticiastelered.com\/PortalDNoticias\/wp-json\/wp\/v2\/posts\/65639"}],"collection":[{"href":"http:\/\/noticiastelered.com\/PortalDNoticias\/wp-json\/wp\/v2\/posts"}],"about":[{"href":"http:\/\/noticiastelered.com\/PortalDNoticias\/wp-json\/wp\/v2\/types\/post"}],"author":[{"embeddable":true,"href":"http:\/\/noticiastelered.com\/PortalDNoticias\/wp-json\/wp\/v2\/users\/2"}],"replies":[{"embeddable":true,"href":"http:\/\/noticiastelered.com\/PortalDNoticias\/wp-json\/wp\/v2\/comments?post=65639"}],"version-history":[{"count":1,"href":"http:\/\/noticiastelered.com\/PortalDNoticias\/wp-json\/wp\/v2\/posts\/65639\/revisions"}],"predecessor-version":[{"id":65642,"href":"http:\/\/noticiastelered.com\/PortalDNoticias\/wp-json\/wp\/v2\/posts\/65639\/revisions\/65642"}],"wp:featuredmedia":[{"embeddable":true,"href":"http:\/\/noticiastelered.com\/PortalDNoticias\/wp-json\/wp\/v2\/media\/65641"}],"wp:attachment":[{"href":"http:\/\/noticiastelered.com\/PortalDNoticias\/wp-json\/wp\/v2\/media?parent=65639"}],"wp:term":[{"taxonomy":"category","embeddable":true,"href":"http:\/\/noticiastelered.com\/PortalDNoticias\/wp-json\/wp\/v2\/categories?post=65639"},{"taxonomy":"post_tag","embeddable":true,"href":"http:\/\/noticiastelered.com\/PortalDNoticias\/wp-json\/wp\/v2\/tags?post=65639"}],"curies":[{"name":"wp","href":"https:\/\/api.w.org\/{rel}","templated":true}]}}