{"id":65631,"date":"2023-02-27T22:59:57","date_gmt":"2023-02-27T22:59:57","guid":{"rendered":"http:\/\/noticiastelered.com\/PortalDNoticias\/?p=65631"},"modified":"2023-02-27T22:59:58","modified_gmt":"2023-02-27T22:59:58","slug":"militares-son-denunciados-ante-la-fgr-por-el-asesinato-de-cinco-jovenes-en-la-cavazos-lerma","status":"publish","type":"post","link":"http:\/\/noticiastelered.com\/PortalDNoticias\/militares-son-denunciados-ante-la-fgr-por-el-asesinato-de-cinco-jovenes-en-la-cavazos-lerma\/","title":{"rendered":"MILITARES SON DENUNCIADOS ANTE LA FGR POR EL ASESINATO DE CINCO J\u00d3VENES EN LA CAVAZOS LERMA&nbsp;"},"content":{"rendered":"\n<p>Nuevo Laredo, Tamaulipas.- Esta ma\u00f1ana del lunes 27 de febrero, familiares de las v\u00edctimas de la masacre de la colonia Manuel&nbsp;&nbsp;Cavazos Lerma denunciaron ante la Fiscal\u00eda General de la Rep\u00fablica (FGR) la participaci\u00f3n de los elementos de la Secretar\u00eda de la Defensa Nacional (SEDENA) que participaron en el asesinato de cinco j\u00f3venes y uno gravemente herido que sucedi\u00f3 durante la madrugada del domingo.&nbsp;<\/p>\n\n\n\n<p>El presidente de la Comisi\u00f3n de los Derechos Humanos en Nuevo Laredo, Reymundo Ramos V\u00e1zquez, declar\u00f3 que ya se&nbsp;&nbsp;puso la demanda por lo que se ha dado inicio a una carpeta de investigaci\u00f3n por el actuar arbitrario de los elementos castrenses.&nbsp;<\/p>\n\n\n\n<p>\u201cSe est\u00e1n querellando con personal militar que le priv\u00f3 de la vida a estos j\u00f3venes y la mam\u00e1 del muchacho que esta en el hospital de especialidades muy grave, firmaron la demanda formal ya se present\u00f3 en la fiscal\u00eda general de la rep\u00fablica\u201d declar\u00f3&nbsp;<\/p>\n\n\n\n<p>A\u00f1adi\u00f3 que adem\u00e1s de hacer la denuncia los padres de los j\u00f3venes asesinados se dieron cita en el Ministerio Publico para hacer el reclamo de los cuerpos para poder darles una cristiana sepultura.&nbsp;<\/p>\n\n\n\n<p>\u201cEsta ma\u00f1ana los familiares se presentaron para pedirles a las autoridades del Ministerio P\u00fablico los cuerpos de los cinco j\u00f3venes\u201d coment\u00f3.&nbsp;<\/p>\n\n\n\n<p>A trav\u00e9s de la demanda&nbsp;&nbsp;se\u00f1al\u00f3 que se espera hacer justicia a los familiares as\u00ed como buscar una investigaci\u00f3n completa en la que se pueda castigar a los militares que terminaron con la vida de los j\u00f3venes.&nbsp;<\/p>\n\n\n\n<p>\u201cEstamos pidi\u00e9ndole a la Fiscal\u00eda General de la Rep\u00fablica (FGR) que atienda estas demandas formales y que proceda en consecuencia integrar una carpeta de investigaci\u00f3n que permita llevar ante un juez de control a los militares que hayan intervenido en un primer momento en estos homicidios\u201d dijo.&nbsp; &nbsp;<\/p>\n\n\n\n<p>Ante este caso de abuso de autoridad, el activista adelant\u00f3 que se realizar\u00e1 un escrito dirigido al Presidente de la Rep\u00fablica Andr\u00e9s Manuel L\u00f3pez Obrador&nbsp;&nbsp;para hacerle de conocimiento los lamentables acontecimientos que hoy dejan en duelo cinco familias.&nbsp;<\/p>\n\n\n\n<p>\u201cTambi\u00e9n elaboramos un escrito ante la Comisi\u00f3n Nacional de los Derechos Humanos (CNDH), al Presidente de M\u00e9xico Andr\u00e9s Manuel L\u00f3pez Obrador para que tenga conocimiento de esta demanda de justicia y de este acto de abuso de autoridad que lastima mucho a las familias de Nuevo Laredo\u201d se\u00f1al\u00f3&nbsp;<\/p>\n\n\n\n<p>El Presidente del Comit\u00e9 de Derechos Humanos a\u00f1adi\u00f3 que de acuerdo a informaci\u00f3n solicitada ante la Fiscal\u00eda General de la Rep\u00fablica (FGR), los cinco j\u00f3venes ejecutados extrajudicialmente por personal de la Sedena no portaban armas, cargadores o&nbsp;&nbsp;droga en el interior de la camioneta.&nbsp;<\/p>\n\n\n\n<p>Vecinos de la colonia aseguraron que los militares tuvieron una postura de autoritarismo y un comportamiento criminal, pues despu\u00e9s de haber asesinato a sus&nbsp;&nbsp;v\u00edctimas estos desmantelaron la camioneta y robaran sus pertenencias.&nbsp;<\/p>\n\n\n\n<p>De acuerdo a testimonios de vecinos que tenemos, sabemos que a los j\u00f3venes les robaron sus pertenencias, sus tel\u00e9fonos celulares, algunas joyas que portaban, sabemos que desmantelaron la camioneta, porque tuvieron dos horas desde que ocurrieron los hechos, hasta que le llaman al ministerio p\u00fablico y todo se est\u00e1 analizando por parte del equipo jur\u00eddico para informarlo en la denuncia; personal militar actuaron como criminales al privar de la vida arbitrariamente estos j\u00f3venes, si no como vulgares ladrones\u201d concluy\u00f3 .<\/p>\n","protected":false},"excerpt":{"rendered":"<p>Nuevo Laredo, Tamaulipas.- Esta ma\u00f1ana del lunes 27 de febrero, familiares de las v\u00edctimas de la masacre de la colonia Manuel&nbsp;&nbsp;Cavazos Lerma denunciaron ante la Fiscal\u00eda General de la Rep\u00fablica (FGR) la participaci\u00f3n de los elementos de la Secretar\u00eda de [&hellip;]<\/p>\n","protected":false},"author":2,"featured_media":65633,"comment_status":"open","ping_status":"open","sticky":false,"template":"","format":"standard","meta":[],"categories":[63,59],"tags":[],"_links":{"self":[{"href":"http:\/\/noticiastelered.com\/PortalDNoticias\/wp-json\/wp\/v2\/posts\/65631"}],"collection":[{"href":"http:\/\/noticiastelered.com\/PortalDNoticias\/wp-json\/wp\/v2\/posts"}],"about":[{"href":"http:\/\/noticiastelered.com\/PortalDNoticias\/wp-json\/wp\/v2\/types\/post"}],"author":[{"embeddable":true,"href":"http:\/\/noticiastelered.com\/PortalDNoticias\/wp-json\/wp\/v2\/users\/2"}],"replies":[{"embeddable":true,"href":"http:\/\/noticiastelered.com\/PortalDNoticias\/wp-json\/wp\/v2\/comments?post=65631"}],"version-history":[{"count":1,"href":"http:\/\/noticiastelered.com\/PortalDNoticias\/wp-json\/wp\/v2\/posts\/65631\/revisions"}],"predecessor-version":[{"id":65634,"href":"http:\/\/noticiastelered.com\/PortalDNoticias\/wp-json\/wp\/v2\/posts\/65631\/revisions\/65634"}],"wp:featuredmedia":[{"embeddable":true,"href":"http:\/\/noticiastelered.com\/PortalDNoticias\/wp-json\/wp\/v2\/media\/65633"}],"wp:attachment":[{"href":"http:\/\/noticiastelered.com\/PortalDNoticias\/wp-json\/wp\/v2\/media?parent=65631"}],"wp:term":[{"taxonomy":"category","embeddable":true,"href":"http:\/\/noticiastelered.com\/PortalDNoticias\/wp-json\/wp\/v2\/categories?post=65631"},{"taxonomy":"post_tag","embeddable":true,"href":"http:\/\/noticiastelered.com\/PortalDNoticias\/wp-json\/wp\/v2\/tags?post=65631"}],"curies":[{"name":"wp","href":"https:\/\/api.w.org\/{rel}","templated":true}]}}