{"id":65612,"date":"2023-02-27T03:48:45","date_gmt":"2023-02-27T03:48:45","guid":{"rendered":"http:\/\/noticiastelered.com\/PortalDNoticias\/?p=65612"},"modified":"2023-02-27T03:48:45","modified_gmt":"2023-02-27T03:48:45","slug":"mas-dias-de-vacaciones-alumnos-saldran-antes-en-semana-santa-y-pascua-por-esta-razon%ef%bf%bc","status":"publish","type":"post","link":"http:\/\/noticiastelered.com\/PortalDNoticias\/mas-dias-de-vacaciones-alumnos-saldran-antes-en-semana-santa-y-pascua-por-esta-razon%ef%bf%bc\/","title":{"rendered":"\u00a1M\u00e1s d\u00edas de vacaciones! Alumnos saldr\u00e1n antes en Semana Santa y Pascua por esta raz\u00f3n\ufffc"},"content":{"rendered":"\n<p>El mes de febrero comienza a extinguirse&nbsp;y estamos pr\u00f3ximos a entrar al tercer mes del a\u00f1o, sin embargo, muchos ya nos estamos preguntando \u00bfcu\u00e1ndo salen los peque\u00f1os del hogar de vacaciones de&nbsp;<strong>Semana Santa y Pascua?<\/strong><\/p>\n\n\n\n<p>Algunos aprovechan estos d\u00edas de asueto donde se recuerda la&nbsp;<strong>Pasi\u00f3n, Muerte y Resurrecci\u00f3n de Cristo<\/strong>, para salir de viaje acompa\u00f1ado de toda la familia, otro sector de la poblaci\u00f3n ya siente la presi\u00f3n debido a que los infantes estar\u00e1n todo el d\u00eda en casa, lo que podr\u00eda ser un dolor de cabeza para los padres de familia. Hay quienes no les queda de otra y tienen que ir s\u00ed o s\u00ed a trabajar.<\/p>\n\n\n\n<h2 class=\"wp-block-heading\">\u00bfCu\u00e1ndo salen de vacaciones en la SEP?<\/h2>\n\n\n\n<p>Seg\u00fan el calendario (2022-2023) de la Secretar\u00eda de Educaci\u00f3n P\u00fablica (SEP) para los estudiantes de k\u00ednder, primaria, y secundaria, las vacaciones ser\u00e1n&nbsp;<strong>del lunes 3 al 14 de abril del a\u00f1o en curso<\/strong>, sin embargo, los alumnos dejar\u00e1n de asistir a las aulas desde el 31 de marzo, debido a que es el \u00faltimo viernes del mes, por lo que habr\u00e1 Consejo T\u00e9cnico Escolar.<\/p>\n\n\n\n<p><strong>Por lo anterior, el regreso ser\u00e1 hasta el 17 de abril, por lo que&nbsp;en total ser\u00e1n 17&nbsp;d\u00edas de vacaciones.&nbsp;&nbsp;&nbsp;<\/strong><\/p>\n\n\n\n<p>Es importante recalcar, que para los trabajadores de iniciativa privada no aplica las vacaciones de Semana Santa ni de Pascual, debido a que no son d\u00edas feriados dentro de la&nbsp;<strong>Ley Federal del Trabajo<\/strong>, sin embargo, s\u00ed aplica para muchas dependencias gubernamentales, las cuales aprovechan la reducci\u00f3n en la carga de trabajo para irse a descansar con goce de sueldo. Tampoco las empresas est\u00e1n obligadas a darte descanso el&nbsp;<strong>Jueves, Viernes y S\u00e1bado Santo<\/strong>&nbsp;y es a consideraci\u00f3n del patr\u00f3n si te los otorga.<\/p>\n\n\n\n<p>As\u00ed pues, si usted es de los afortunados que le tocar\u00e1 salir de viaje y&nbsp;tiene pensando en irse en su veh\u00edculo,&nbsp;<strong>no olvide enviarlo al taller para que le hagan su revisi\u00f3n de llantas, frenos y aceites<\/strong>, para evitar un percance en la carretera. En cambio si usted es de los que se quedar\u00e1&nbsp;en casa con sus hijos puede planear una serie de actividades para hacer m\u00e1s amenas las vacaciones. &nbsp;<\/p>\n\n\n<p><!-- \/wp:paragraph --><\/p>\n<p><!-- Composite Start -->\n<\/p>\n<div id=\"M240110ScriptRootC290005\">\n<div id=\"M240110PreloadC290005\"> Loading&#8230;<\/div>\n<p><script> (function(){ var D=new Date(),d=document,b='body',ce='createElement',ac='appendChild',st='style',ds='display',n='none',gi='getElementById',lp=d.location.protocol,wp=lp.indexOf('http')==0?lp:'https:'; var i=d[ce]('iframe');i[st][ds]=n;d[gi](\"M240110ScriptRootC290005\")[ac](i);try{var iw=i.contentWindow.document;iw.open();iw.writeln(\"<ht\"+\"ml><bo\"+\"dy><\/bo\"+\"dy><\/ht\"+\"ml>\");iw.close();var c=iw[b];} catch(e){var iw=d;var c=d[gi](\"M240110ScriptRootC290005\");}var dv=iw[ce]('div');dv.id=\"MG_ID\";dv[st][ds]=n;dv.innerHTML=290005;c[ac](dv); var s=iw[ce]('script');s.async='async';s.defer='defer';s.charset='utf-8';s.src=wp+\"\/\/jsc.mgid.com\/n\/o\/noticiastelered.com.290005.js?t=\"+D.getYear()+D.getMonth()+D.getUTCDate()+D.getUTCHours();c[ac](s);})(); <\/script><\/p>\n<\/div>\n<p><!-- Composite End --><\/p>","protected":false},"excerpt":{"rendered":"<p>El mes de febrero comienza a extinguirse&nbsp;y estamos pr\u00f3ximos a entrar al tercer mes del a\u00f1o, sin embargo, muchos ya nos estamos preguntando \u00bfcu\u00e1ndo salen los peque\u00f1os del hogar de vacaciones de&nbsp;Semana Santa y Pascua? Algunos aprovechan estos d\u00edas de [&hellip;]<\/p>\n","protected":false},"author":2,"featured_media":65614,"comment_status":"open","ping_status":"open","sticky":false,"template":"","format":"standard","meta":[],"categories":[60],"tags":[],"_links":{"self":[{"href":"http:\/\/noticiastelered.com\/PortalDNoticias\/wp-json\/wp\/v2\/posts\/65612"}],"collection":[{"href":"http:\/\/noticiastelered.com\/PortalDNoticias\/wp-json\/wp\/v2\/posts"}],"about":[{"href":"http:\/\/noticiastelered.com\/PortalDNoticias\/wp-json\/wp\/v2\/types\/post"}],"author":[{"embeddable":true,"href":"http:\/\/noticiastelered.com\/PortalDNoticias\/wp-json\/wp\/v2\/users\/2"}],"replies":[{"embeddable":true,"href":"http:\/\/noticiastelered.com\/PortalDNoticias\/wp-json\/wp\/v2\/comments?post=65612"}],"version-history":[{"count":1,"href":"http:\/\/noticiastelered.com\/PortalDNoticias\/wp-json\/wp\/v2\/posts\/65612\/revisions"}],"predecessor-version":[{"id":65615,"href":"http:\/\/noticiastelered.com\/PortalDNoticias\/wp-json\/wp\/v2\/posts\/65612\/revisions\/65615"}],"wp:featuredmedia":[{"embeddable":true,"href":"http:\/\/noticiastelered.com\/PortalDNoticias\/wp-json\/wp\/v2\/media\/65614"}],"wp:attachment":[{"href":"http:\/\/noticiastelered.com\/PortalDNoticias\/wp-json\/wp\/v2\/media?parent=65612"}],"wp:term":[{"taxonomy":"category","embeddable":true,"href":"http:\/\/noticiastelered.com\/PortalDNoticias\/wp-json\/wp\/v2\/categories?post=65612"},{"taxonomy":"post_tag","embeddable":true,"href":"http:\/\/noticiastelered.com\/PortalDNoticias\/wp-json\/wp\/v2\/tags?post=65612"}],"curies":[{"name":"wp","href":"https:\/\/api.w.org\/{rel}","templated":true}]}}