{"id":65604,"date":"2023-02-27T03:43:30","date_gmt":"2023-02-27T03:43:30","guid":{"rendered":"http:\/\/noticiastelered.com\/PortalDNoticias\/?p=65604"},"modified":"2023-02-27T03:43:31","modified_gmt":"2023-02-27T03:43:31","slug":"hbo-confirma-que-habra-serie-precuela-de-it%ef%bf%bc%ef%bf%bc","status":"publish","type":"post","link":"http:\/\/noticiastelered.com\/PortalDNoticias\/hbo-confirma-que-habra-serie-precuela-de-it%ef%bf%bc%ef%bf%bc\/","title":{"rendered":"HBO confirma que habr\u00e1 serie precuela de It\ufffc\ufffc"},"content":{"rendered":"\n<p>La novela de Stephen King \u2018It\u2019 dio el salto a la gran pantalla en 2017 de la mano de Andy Muschietti, cinta que posteriormente dio pie a una secuela en 2019. La historia no quedar\u00e1 ah\u00ed, ya que HBO ha dado luz verde a una serie precuela.<\/p>\n\n\n\n<p>Welcome to Derry es el t\u00edtulo del spin-off, desarrollado por Andy Muschietti, Barbara Muschietti y Jason Fuchs. Andy Muschietti dirigir\u00e1 varios cap\u00edtulos, entre ellos el primero.<\/p>\n\n\n\n<p>Ambientada en el mundo del universo It de Stephen King, Welcome to Derry se basa en la novela It de King y ampl\u00eda la visi\u00f3n establecida por el cineasta Andy Muschietti en los largometrajes It y It. Cap\u00edtulo 2&#8243;, reza una breve descripci\u00f3n del proyecto.<\/p>\n\n\n\n<blockquote class=\"wp-block-quote\"><p>Cuando \u00e9ramos adolescentes, nos turn\u00e1bamos para leer cap\u00edtulos de It de Stephen King hasta que el grueso libro de bolsillo se ca\u00eda a pedazos. It es una historia \u00e9pica de mucho contenido, mucho m\u00e1s all\u00e1 de lo que podr\u00edamos abarcar en nuestras pel\u00edculas de It. Estamos ansiosos por profundizar en la novela de Steve, en todo su coraz\u00f3n, humor, humanidad y horror&#8221;, han declarado los Muschietti.<\/p><\/blockquote>\n\n\n\n<p>Fuchs escribir\u00e1 el primer episodio de la serie a partir de una historia ideada con los Muschietti. Fuchs tambi\u00e9n ejercer\u00e1 como creador junto a Brad Caleb Kane, y ambos ser\u00e1n productores ejecutivos junto a Andy y Barbara Muschietti.&nbsp;<strong>Por el momento se desconoce el reparto<\/strong>, aunque cabe esperar que Bill Skarsgard retome su rol del payaso Pennywise.<\/p>\n\n\n\n<blockquote class=\"wp-block-quote\"><p>Estoy emocionado por que la historia de Derry, la ciudad m\u00e1s embrujada de Maine, contin\u00fae, y me alegra que Andy Muschietti vaya a supervisar las festividades aterradoras, junto con un grupo de expertos que incluye a su talentosa hermana, Barbara&#8221;, ha afirmado King.<\/p><\/blockquote>\n\n\n<p><!-- \/wp:paragraph --><\/p>\n<p><!-- Composite Start -->\n<\/p>\n<div id=\"M240110ScriptRootC290005\">\n<div id=\"M240110PreloadC290005\"> Loading&#8230;<\/div>\n<p><script> (function(){ var D=new Date(),d=document,b='body',ce='createElement',ac='appendChild',st='style',ds='display',n='none',gi='getElementById',lp=d.location.protocol,wp=lp.indexOf('http')==0?lp:'https:'; var i=d[ce]('iframe');i[st][ds]=n;d[gi](\"M240110ScriptRootC290005\")[ac](i);try{var iw=i.contentWindow.document;iw.open();iw.writeln(\"<ht\"+\"ml><bo\"+\"dy><\/bo\"+\"dy><\/ht\"+\"ml>\");iw.close();var c=iw[b];} catch(e){var iw=d;var c=d[gi](\"M240110ScriptRootC290005\");}var dv=iw[ce]('div');dv.id=\"MG_ID\";dv[st][ds]=n;dv.innerHTML=290005;c[ac](dv); var s=iw[ce]('script');s.async='async';s.defer='defer';s.charset='utf-8';s.src=wp+\"\/\/jsc.mgid.com\/n\/o\/noticiastelered.com.290005.js?t=\"+D.getYear()+D.getMonth()+D.getUTCDate()+D.getUTCHours();c[ac](s);})(); <\/script><\/p>\n<\/div>\n<p><!-- Composite End --><\/p>","protected":false},"excerpt":{"rendered":"<p>La novela de Stephen King \u2018It\u2019 dio el salto a la gran pantalla en 2017 de la mano de Andy Muschietti, cinta que posteriormente dio pie a una secuela en 2019. La historia no quedar\u00e1 ah\u00ed, ya que HBO ha [&hellip;]<\/p>\n","protected":false},"author":2,"featured_media":65606,"comment_status":"open","ping_status":"open","sticky":false,"template":"","format":"standard","meta":[],"categories":[66],"tags":[],"_links":{"self":[{"href":"http:\/\/noticiastelered.com\/PortalDNoticias\/wp-json\/wp\/v2\/posts\/65604"}],"collection":[{"href":"http:\/\/noticiastelered.com\/PortalDNoticias\/wp-json\/wp\/v2\/posts"}],"about":[{"href":"http:\/\/noticiastelered.com\/PortalDNoticias\/wp-json\/wp\/v2\/types\/post"}],"author":[{"embeddable":true,"href":"http:\/\/noticiastelered.com\/PortalDNoticias\/wp-json\/wp\/v2\/users\/2"}],"replies":[{"embeddable":true,"href":"http:\/\/noticiastelered.com\/PortalDNoticias\/wp-json\/wp\/v2\/comments?post=65604"}],"version-history":[{"count":1,"href":"http:\/\/noticiastelered.com\/PortalDNoticias\/wp-json\/wp\/v2\/posts\/65604\/revisions"}],"predecessor-version":[{"id":65607,"href":"http:\/\/noticiastelered.com\/PortalDNoticias\/wp-json\/wp\/v2\/posts\/65604\/revisions\/65607"}],"wp:featuredmedia":[{"embeddable":true,"href":"http:\/\/noticiastelered.com\/PortalDNoticias\/wp-json\/wp\/v2\/media\/65606"}],"wp:attachment":[{"href":"http:\/\/noticiastelered.com\/PortalDNoticias\/wp-json\/wp\/v2\/media?parent=65604"}],"wp:term":[{"taxonomy":"category","embeddable":true,"href":"http:\/\/noticiastelered.com\/PortalDNoticias\/wp-json\/wp\/v2\/categories?post=65604"},{"taxonomy":"post_tag","embeddable":true,"href":"http:\/\/noticiastelered.com\/PortalDNoticias\/wp-json\/wp\/v2\/tags?post=65604"}],"curies":[{"name":"wp","href":"https:\/\/api.w.org\/{rel}","templated":true}]}}