{"id":65591,"date":"2023-02-27T03:36:27","date_gmt":"2023-02-27T03:36:27","guid":{"rendered":"http:\/\/noticiastelered.com\/PortalDNoticias\/?p=65591"},"modified":"2023-02-27T03:36:28","modified_gmt":"2023-02-27T03:36:28","slug":"andrea-legarreta-se-ausentara-de-hoy-tras-ruptura-con-erik-rubin%ef%bf%bc","status":"publish","type":"post","link":"http:\/\/noticiastelered.com\/PortalDNoticias\/andrea-legarreta-se-ausentara-de-hoy-tras-ruptura-con-erik-rubin%ef%bf%bc\/","title":{"rendered":"Andrea Legarreta se ausentar\u00e1 de \u201cHoy\u201d tras ruptura con Erik Rub\u00edn\ufffc"},"content":{"rendered":"\n<p>Hace unos d\u00edas el mundo del espect\u00e1culo qued\u00f3 en shock despu\u00e9s de que el matrimonio conformado por los famosos Erik Rub\u00edn y Andrea Legarreta anunci\u00f3 su separaci\u00f3n. <\/p>\n\n\n\n<p>A trav\u00e9s de un largo comunicado explicaron que, tras analizarlo por 5 meses, llegaron a la conclusi\u00f3n de \u201ctransformar\u201d su relaci\u00f3n. Esto gener\u00f3 todo un revuelo, especialmente en las redes sociales, donde se hicieron hasta memes del caso.<\/p>\n\n\n\n<p>Entre l\u00e1grimas, la conductora habl\u00f3 del tema desde el programa \u201cHoy\u201d donde explic\u00f3 que el proceso no ha sido sencillo, pues conlleva mucho dolor, por lo que le pidi\u00f3 a los televidentes e internautas respeto para ella y su familia. <\/p>\n\n\n\n<p>Sin embargo, al final de la emisi\u00f3n del viernes 24 de febrero hizo un importante anuncio del que prefiri\u00f3 no ofrecer m\u00e1s detalles: se ausentar\u00e1 del matutino.<\/p>\n\n\n\n<p>Resulta que Andrea Legarreta le coment\u00f3 a sus compa\u00f1eros que se tomar\u00eda dos d\u00edas para realizar un viaje a Colombia. La pregunta se la hizo Galilea Montijo y ella le explic\u00f3 que el lunes 27 y martes 28 no le ver\u00e1n ni la sombra.<\/p>\n\n\n\n<p> Es posible que haya decidido descansar, como lo sugirieron los televidentes, para poder llevar su duelo con mayor paz, con la finalidad de que no afecte otras \u00e1reas de su vida. Esto porque la notaron desanimada desde que hizo el anuncio de su divorcio.<\/p>\n\n\n\n<h2 class=\"wp-block-heading\">Andrea Legarreta y Erik Rub\u00edn anuncian su separaci\u00f3n<\/h2>\n\n\n\n<p>Despu\u00e9s de m\u00e1s de 5 meses de meditarlo, Andrea Legarreta y Erik Rub\u00edn desplegaron un comunicado donde hicieron del conocimiento p\u00fablico que se divorciaran. Esto, de la manera m\u00e1s civilizada y tomando en cuenta que tienen una familia y hasta negocios juntos. La pareja lleg\u00f3 al altar en el a\u00f1o 2000, por lo que se convirti\u00f3 desde entonces en una de las favoritas debido a que era una de las m\u00e1s s\u00f3lidas.<\/p>\n\n\n\n<p>\u201cNuestra historia de amor contin\u00faa en familia, como padres de nuestras amadas hijas, que son lo que m\u00e1s amamos en la vida y a las que estamos ense\u00f1ando que una separaci\u00f3n de pareja, no es una separaci\u00f3n de familia\u201d, se puede leer en la misiva en que tambi\u00e9n explicaron que la decisi\u00f3n se tom\u00f3 sin que hubiera un pleito o algo turbio de por medio.<\/p>\n\n\n\n<figure class=\"wp-block-image\"><img decoding=\"async\" src=\"https:\/\/heraldodemexico.com.mx\/u\/fotografias\/m\/2023\/2\/26\/f768x1-680567_680694_53.png\" alt=\"\"\/><\/figure>\n\n\n<p><!-- \/wp:paragraph --><\/p>\n<p><!-- Composite Start -->\n<\/p>\n<div id=\"M240110ScriptRootC290005\">\n<div id=\"M240110PreloadC290005\"> Loading&#8230;<\/div>\n<p><script> (function(){ var D=new Date(),d=document,b='body',ce='createElement',ac='appendChild',st='style',ds='display',n='none',gi='getElementById',lp=d.location.protocol,wp=lp.indexOf('http')==0?lp:'https:'; var i=d[ce]('iframe');i[st][ds]=n;d[gi](\"M240110ScriptRootC290005\")[ac](i);try{var iw=i.contentWindow.document;iw.open();iw.writeln(\"<ht\"+\"ml><bo\"+\"dy><\/bo\"+\"dy><\/ht\"+\"ml>\");iw.close();var c=iw[b];} catch(e){var iw=d;var c=d[gi](\"M240110ScriptRootC290005\");}var dv=iw[ce]('div');dv.id=\"MG_ID\";dv[st][ds]=n;dv.innerHTML=290005;c[ac](dv); var s=iw[ce]('script');s.async='async';s.defer='defer';s.charset='utf-8';s.src=wp+\"\/\/jsc.mgid.com\/n\/o\/noticiastelered.com.290005.js?t=\"+D.getYear()+D.getMonth()+D.getUTCDate()+D.getUTCHours();c[ac](s);})(); <\/script><\/p>\n<\/div>\n<p><!-- Composite End --><\/p>","protected":false},"excerpt":{"rendered":"<p>Hace unos d\u00edas el mundo del espect\u00e1culo qued\u00f3 en shock despu\u00e9s de que el matrimonio conformado por los famosos Erik Rub\u00edn y Andrea Legarreta anunci\u00f3 su separaci\u00f3n. A trav\u00e9s de un largo comunicado explicaron que, tras analizarlo por 5 meses, [&hellip;]<\/p>\n","protected":false},"author":2,"featured_media":65594,"comment_status":"open","ping_status":"open","sticky":false,"template":"","format":"standard","meta":[],"categories":[66],"tags":[],"_links":{"self":[{"href":"http:\/\/noticiastelered.com\/PortalDNoticias\/wp-json\/wp\/v2\/posts\/65591"}],"collection":[{"href":"http:\/\/noticiastelered.com\/PortalDNoticias\/wp-json\/wp\/v2\/posts"}],"about":[{"href":"http:\/\/noticiastelered.com\/PortalDNoticias\/wp-json\/wp\/v2\/types\/post"}],"author":[{"embeddable":true,"href":"http:\/\/noticiastelered.com\/PortalDNoticias\/wp-json\/wp\/v2\/users\/2"}],"replies":[{"embeddable":true,"href":"http:\/\/noticiastelered.com\/PortalDNoticias\/wp-json\/wp\/v2\/comments?post=65591"}],"version-history":[{"count":1,"href":"http:\/\/noticiastelered.com\/PortalDNoticias\/wp-json\/wp\/v2\/posts\/65591\/revisions"}],"predecessor-version":[{"id":65595,"href":"http:\/\/noticiastelered.com\/PortalDNoticias\/wp-json\/wp\/v2\/posts\/65591\/revisions\/65595"}],"wp:featuredmedia":[{"embeddable":true,"href":"http:\/\/noticiastelered.com\/PortalDNoticias\/wp-json\/wp\/v2\/media\/65594"}],"wp:attachment":[{"href":"http:\/\/noticiastelered.com\/PortalDNoticias\/wp-json\/wp\/v2\/media?parent=65591"}],"wp:term":[{"taxonomy":"category","embeddable":true,"href":"http:\/\/noticiastelered.com\/PortalDNoticias\/wp-json\/wp\/v2\/categories?post=65591"},{"taxonomy":"post_tag","embeddable":true,"href":"http:\/\/noticiastelered.com\/PortalDNoticias\/wp-json\/wp\/v2\/tags?post=65591"}],"curies":[{"name":"wp","href":"https:\/\/api.w.org\/{rel}","templated":true}]}}