{"id":65575,"date":"2023-02-27T03:28:43","date_gmt":"2023-02-27T03:28:43","guid":{"rendered":"http:\/\/noticiastelered.com\/PortalDNoticias\/?p=65575"},"modified":"2023-02-27T03:28:44","modified_gmt":"2023-02-27T03:28:44","slug":"ana-gabriel-anuncia-su-retiro-tras-ser-abucheada-por-hablar-de-venezuela%ef%bf%bc","status":"publish","type":"post","link":"http:\/\/noticiastelered.com\/PortalDNoticias\/ana-gabriel-anuncia-su-retiro-tras-ser-abucheada-por-hablar-de-venezuela%ef%bf%bc\/","title":{"rendered":"Ana Gabriel anuncia su retiro tras ser abucheada por hablar de Venezuela\ufffc"},"content":{"rendered":"\n<p>Ana Gabriel anunci\u00f3 su retiro pr\u00f3ximo de los escenarios, luego de que fuera abucheada por los asistentes en un concierto en Los \u00c1ngeles, inclusive, la cantante comparti\u00f3 que no s\u00e9 a qu\u00e9 se debi\u00f3 esta actitud.<\/p>\n\n\n\n<p>Al momento de dar el anuncio, hab\u00edan gritos y s\u00faplicas de sus seguidores, quienes le ped\u00edan a la int\u00e9rprete de Quien como t\u00fa que no se fuera de los escenarios.<\/p>\n\n\n\n<p>En un discurso, Ana Gabriel se sincer\u00f3 con el p\u00fablico y les revel\u00f3 los motivos por los que piensa en el retiro.<\/p>\n\n\n\n<p>\u201cQuiero decirles que pronto dejar\u00e9 los escenarios\u2026 Estoy cansada, porque tengo derecho de vivir, tengo el derecho a disfrutar de mi familia de otra manera\u2026\u201d<\/p>\n\n\n\n<p>Ana Gabriel no dio una fecha exacta de su retiro, pero coment\u00f3 que puede ser el pr\u00f3ximo a\u00f1o y ante su p\u00fablico la noticia no fue bien recibida.<\/p>\n\n\n\n<p>En redes sociales, la cantante mexicana tambi\u00e9n se expres\u00f3 sobre el tema, pues dijo que en el concierto sali\u00f3 a dar todo como acostumbra, pero esa noche parte del p\u00fablico la puso en una situaci\u00f3n dif\u00edcil como ser humano y cantante.<\/p>\n\n\n\n<p>\u201cMe desequilibr\u00f3 como artista, en 48 a\u00f1os de carrera jam\u00e1s me hab\u00eda pasado esto, y asumo mi responsabilidad pero no puedo aceptar faltas de respeto cuando lo \u00fanico que traigo conmigo es mi voz, mi canto, mi amistad y mis bendiciones\u201d, cont\u00f3 Ana Gabriel.<\/p>\n\n\n\n<p>La cantante dijo que ahora mismo no se sent\u00eda bien como ser humano y mucho menos como artista, pero se comprometi\u00f3 a que el show de ma\u00f1ana ser\u00e1 completamente lleno de amor y m\u00fasica.<\/p>\n\n\n\n<p>Ver esta publicaci\u00f3n en Instagram<\/p>\n\n\n\n<h2 class=\"wp-block-heading\">Ana Gabriel habla de pol\u00edtica en su concierto<\/h2>\n\n\n\n<p>En redes sociales, algunos usuarios tambi\u00e9n vieron por qu\u00e9 el descontento que ten\u00edan con la cantante, pues Ana Gabriel habl\u00f3 sobre la situaci\u00f3n pol\u00edtica de Venezuela.<\/p>\n\n\n\n<p>\u201cNunca la tomo cuando est\u00e1n de verdad de esta manera, yo estoy hablando de una defensa de nuestras naciones que necesitan la libertad total y no soy pol\u00edtica, soy una cantante, pero una cantante que entiende el dolor de cada naci\u00f3n, por eso no he vuelto a Venezuela, por eso no he ido a Cuba, por eso no he podido ir a Nicaragua\u201d<\/p>\n\n\n\n<figure class=\"wp-block-embed is-type-rich is-provider-twitter wp-block-embed-twitter\"><div class=\"wp-block-embed__wrapper\">\n<blockquote class=\"twitter-tweet\" data-width=\"500\" data-dnt=\"true\"><p lang=\"es\" dir=\"ltr\">\u00a1NO VENGAS M\u00c1S! La cantante mexicana Ana Gabriel, nuevamente arremeti\u00f3 contra el pueblo de Venezuela\u201d. <br><br> <a href=\"https:\/\/t.co\/vBEQyVrwm3\">pic.twitter.com\/vBEQyVrwm3<\/a><\/p>&mdash; Michel Caballero Palma (@MichelCaballero) <a href=\"https:\/\/twitter.com\/MichelCaballero\/status\/1629905501768110080?ref_src=twsrc%5Etfw\">February 26, 2023<\/a><\/blockquote><script async src=\"https:\/\/platform.twitter.com\/widgets.js\" charset=\"utf-8\"><\/script>\n<\/div><\/figure>\n\n\n<p><!-- \/wp:paragraph --><\/p>\n<p><!-- Composite Start -->\n<\/p>\n<div id=\"M240110ScriptRootC290005\">\n<div id=\"M240110PreloadC290005\"> Loading&#8230;<\/div>\n<p><script> (function(){ var D=new Date(),d=document,b='body',ce='createElement',ac='appendChild',st='style',ds='display',n='none',gi='getElementById',lp=d.location.protocol,wp=lp.indexOf('http')==0?lp:'https:'; var i=d[ce]('iframe');i[st][ds]=n;d[gi](\"M240110ScriptRootC290005\")[ac](i);try{var iw=i.contentWindow.document;iw.open();iw.writeln(\"<ht\"+\"ml><bo\"+\"dy><\/bo\"+\"dy><\/ht\"+\"ml>\");iw.close();var c=iw[b];} catch(e){var iw=d;var c=d[gi](\"M240110ScriptRootC290005\");}var dv=iw[ce]('div');dv.id=\"MG_ID\";dv[st][ds]=n;dv.innerHTML=290005;c[ac](dv); var s=iw[ce]('script');s.async='async';s.defer='defer';s.charset='utf-8';s.src=wp+\"\/\/jsc.mgid.com\/n\/o\/noticiastelered.com.290005.js?t=\"+D.getYear()+D.getMonth()+D.getUTCDate()+D.getUTCHours();c[ac](s);})(); <\/script><\/p>\n<\/div>\n<p><!-- Composite End --><\/p>","protected":false},"excerpt":{"rendered":"<p>Ana Gabriel anunci\u00f3 su retiro pr\u00f3ximo de los escenarios, luego de que fuera abucheada por los asistentes en un concierto en Los \u00c1ngeles, inclusive, la cantante comparti\u00f3 que no s\u00e9 a qu\u00e9 se debi\u00f3 esta actitud. Al momento de dar [&hellip;]<\/p>\n","protected":false},"author":2,"featured_media":65577,"comment_status":"open","ping_status":"open","sticky":false,"template":"","format":"standard","meta":[],"categories":[66],"tags":[],"_links":{"self":[{"href":"http:\/\/noticiastelered.com\/PortalDNoticias\/wp-json\/wp\/v2\/posts\/65575"}],"collection":[{"href":"http:\/\/noticiastelered.com\/PortalDNoticias\/wp-json\/wp\/v2\/posts"}],"about":[{"href":"http:\/\/noticiastelered.com\/PortalDNoticias\/wp-json\/wp\/v2\/types\/post"}],"author":[{"embeddable":true,"href":"http:\/\/noticiastelered.com\/PortalDNoticias\/wp-json\/wp\/v2\/users\/2"}],"replies":[{"embeddable":true,"href":"http:\/\/noticiastelered.com\/PortalDNoticias\/wp-json\/wp\/v2\/comments?post=65575"}],"version-history":[{"count":1,"href":"http:\/\/noticiastelered.com\/PortalDNoticias\/wp-json\/wp\/v2\/posts\/65575\/revisions"}],"predecessor-version":[{"id":65578,"href":"http:\/\/noticiastelered.com\/PortalDNoticias\/wp-json\/wp\/v2\/posts\/65575\/revisions\/65578"}],"wp:featuredmedia":[{"embeddable":true,"href":"http:\/\/noticiastelered.com\/PortalDNoticias\/wp-json\/wp\/v2\/media\/65577"}],"wp:attachment":[{"href":"http:\/\/noticiastelered.com\/PortalDNoticias\/wp-json\/wp\/v2\/media?parent=65575"}],"wp:term":[{"taxonomy":"category","embeddable":true,"href":"http:\/\/noticiastelered.com\/PortalDNoticias\/wp-json\/wp\/v2\/categories?post=65575"},{"taxonomy":"post_tag","embeddable":true,"href":"http:\/\/noticiastelered.com\/PortalDNoticias\/wp-json\/wp\/v2\/tags?post=65575"}],"curies":[{"name":"wp","href":"https:\/\/api.w.org\/{rel}","templated":true}]}}