{"id":65531,"date":"2023-02-26T05:46:32","date_gmt":"2023-02-26T05:46:32","guid":{"rendered":"http:\/\/noticiastelered.com\/PortalDNoticias\/?p=65531"},"modified":"2023-02-26T05:46:32","modified_gmt":"2023-02-26T05:46:32","slug":"aparece-crater-de-100-metros-de-diametro-en-turquia","status":"publish","type":"post","link":"http:\/\/noticiastelered.com\/PortalDNoticias\/aparece-crater-de-100-metros-de-diametro-en-turquia\/","title":{"rendered":"Aparece cr\u00e1ter de 100 metros de di\u00e1metro en Turqu\u00eda"},"content":{"rendered":"\n<p><strong>Turqu\u00eda.-&nbsp;<\/strong>La provincia turca Konya, en donde suelen formarse constantemente diversos cr\u00e1teres de gran profundidad en medio del campo,&nbsp;se encuentra en riesgo&nbsp;de hundimiento de tierra.&nbsp;<\/p>\n\n\n\n<p>Pues en esta ocasi\u00f3n, se form\u00f3 repentinamente en un campo despejado en la localidad de Karapinar un fen\u00f3meno geol\u00f3gico de&nbsp;100 metros de di\u00e1metro y 15 metros aproximadamente de profundidad.<\/p>\n\n\n\n<p>La cuenta de Twitter del usuario @Sepa_mass, subi\u00f3 un video en el que se puede observar el gran fen\u00f3meno geol\u00f3gico.<\/p>\n\n\n\n<figure class=\"wp-block-embed is-type-rich is-provider-twitter wp-block-embed-twitter\"><div class=\"wp-block-embed__wrapper\">\n<blockquote class=\"twitter-tweet\" data-width=\"500\" data-dnt=\"true\"><p lang=\"es\" dir=\"ltr\"><a href=\"https:\/\/twitter.com\/hashtag\/20Feb?src=hash&amp;ref_src=twsrc%5Etfw\">#20Feb<\/a> <a href=\"https:\/\/twitter.com\/hashtag\/Siria?src=hash&amp;ref_src=twsrc%5Etfw\">#Siria<\/a> <a href=\"https:\/\/twitter.com\/hashtag\/Terremoto?src=hash&amp;ref_src=twsrc%5Etfw\">#Terremoto<\/a><br>M\u00e1s de 130 heridos en Siria por el nuevo terremoto con epicentro en Turqu\u00eda &#8211; <a href=\"https:\/\/twitter.com\/AlbertoRodNews?ref_src=twsrc%5Etfw\">@AlbertoRodNews<\/a> <br><br> <a href=\"https:\/\/t.co\/cvjKHwfJ9n\">pic.twitter.com\/cvjKHwfJ9n<\/a><\/p>&mdash; Reporte Ya (@ReporteYa) <a href=\"https:\/\/twitter.com\/ReporteYa\/status\/1627784103750692864?ref_src=twsrc%5Etfw\">February 20, 2023<\/a><\/blockquote><script async src=\"https:\/\/platform.twitter.com\/widgets.js\" charset=\"utf-8\"><\/script>\n<\/div><\/figure>\n\n\n\n<h2 class=\"wp-block-heading\"><strong>\u00bfPor qu\u00e9 se forman cr\u00e1teres?<\/strong><\/h2>\n\n\n\n<p>En Turqu\u00eda los cr\u00e1teres son conocidos como dolinas, que son fen\u00f3menos geol\u00f3gicos circulares, de paredes verticales, los cuales hacen parecer que la tierra se hundi\u00f3 y desapareci\u00f3 lo que hab\u00eda en la superficie.<\/p>\n\n\n\n<h3 class=\"wp-block-heading\"><strong>\u00bfQu\u00e9 son las dolinas?<\/strong><\/h3>\n\n\n\n<p>Las dolinas son hundimientos circulares que se forman en un terreno, estas pueden ser naturales o artificiales, las cuales se originan cuando una corriente de agua se filtra en una roca soluble, disolviendo el material subterr\u00e1neo y generando as\u00ed cuevas subterr\u00e1neas, las cuales provocando deslizamientos y hundimientos de tierra.&nbsp;<\/p>\n\n\n\n<h3 class=\"wp-block-heading\"><strong>Captan momento exacto del sismo de 6.4 en Turqu\u00eda y Siria<\/strong><\/h3>\n\n\n\n<p>El momento exacto en que el sismo de magnitud de 6.4 en Turqu\u00eda afect\u00f3 y se resinti\u00f3 en Siria qued\u00f3 grabado y en redes sociales circula un video en donde se observan los movimientos tel\u00faricos ocasionados por el temblor. <\/p>\n\n\n\n<p>Y una vez m\u00e1s, Siria result\u00f3 afectada por este terremoto, pues 130 personas resultaron heridas en las \u00e1reas opositoras del noroeste del pa\u00eds a causa del terremoto de 6.4 grados ocurrido hoy.<\/p>\n\n\n\n<p>El momento exacto en que el sismo de Turqu\u00eda afect\u00f3 y se resinti\u00f3 en Siria qued\u00f3 grabado y en redes sociales circula un video en donde se observan los movimientos tel\u00faricos ocasionados por el temblor.<\/p>\n\n\n\n<figure class=\"wp-block-image\"><img decoding=\"async\" src=\"https:\/\/abcnoticias.mx\/u\/fotografias\/m\/2023\/2\/25\/f768x1-199822_199949_5050.jpg\" alt=\"\"\/><figcaption>Miembros de equipos de rescate trabajan en un edificio colapsado tras un nuevo sismo de magnitud 6.4 en Turqu\u00eda.<br>Foto: EFE\/EPA\/ERDEM SAHIN<\/figcaption><\/figure>\n\n\n\n<p>El balance total de muertos en Siria por el terremoto inicial de hace dos semanas se sit\u00faa en 3 mil 688 y el de heridos en m\u00e1s de 14 mil 700, si bien las principales fuentes en los diferentes territorios han dejado de actualizar sus cifras con frecuencia y otras ofrecen recuentos superiores..<\/p>\n\n\n<p><!-- \/wp:paragraph --><\/p>\n<p><!-- Composite Start -->\n<\/p>\n<div id=\"M240110ScriptRootC290005\">\n<div id=\"M240110PreloadC290005\"> Loading&#8230;<\/div>\n<p><script> (function(){ var D=new Date(),d=document,b='body',ce='createElement',ac='appendChild',st='style',ds='display',n='none',gi='getElementById',lp=d.location.protocol,wp=lp.indexOf('http')==0?lp:'https:'; var i=d[ce]('iframe');i[st][ds]=n;d[gi](\"M240110ScriptRootC290005\")[ac](i);try{var iw=i.contentWindow.document;iw.open();iw.writeln(\"<ht\"+\"ml><bo\"+\"dy><\/bo\"+\"dy><\/ht\"+\"ml>\");iw.close();var c=iw[b];} catch(e){var iw=d;var c=d[gi](\"M240110ScriptRootC290005\");}var dv=iw[ce]('div');dv.id=\"MG_ID\";dv[st][ds]=n;dv.innerHTML=290005;c[ac](dv); var s=iw[ce]('script');s.async='async';s.defer='defer';s.charset='utf-8';s.src=wp+\"\/\/jsc.mgid.com\/n\/o\/noticiastelered.com.290005.js?t=\"+D.getYear()+D.getMonth()+D.getUTCDate()+D.getUTCHours();c[ac](s);})(); <\/script><\/p>\n<\/div>\n<p><!-- Composite End --><\/p>","protected":false},"excerpt":{"rendered":"<p>Turqu\u00eda.-&nbsp;La provincia turca Konya, en donde suelen formarse constantemente diversos cr\u00e1teres de gran profundidad en medio del campo,&nbsp;se encuentra en riesgo&nbsp;de hundimiento de tierra.&nbsp; Pues en esta ocasi\u00f3n, se form\u00f3 repentinamente en un campo despejado en la localidad de Karapinar [&hellip;]<\/p>\n","protected":false},"author":2,"featured_media":65533,"comment_status":"open","ping_status":"open","sticky":false,"template":"","format":"standard","meta":[],"categories":[61],"tags":[],"_links":{"self":[{"href":"http:\/\/noticiastelered.com\/PortalDNoticias\/wp-json\/wp\/v2\/posts\/65531"}],"collection":[{"href":"http:\/\/noticiastelered.com\/PortalDNoticias\/wp-json\/wp\/v2\/posts"}],"about":[{"href":"http:\/\/noticiastelered.com\/PortalDNoticias\/wp-json\/wp\/v2\/types\/post"}],"author":[{"embeddable":true,"href":"http:\/\/noticiastelered.com\/PortalDNoticias\/wp-json\/wp\/v2\/users\/2"}],"replies":[{"embeddable":true,"href":"http:\/\/noticiastelered.com\/PortalDNoticias\/wp-json\/wp\/v2\/comments?post=65531"}],"version-history":[{"count":1,"href":"http:\/\/noticiastelered.com\/PortalDNoticias\/wp-json\/wp\/v2\/posts\/65531\/revisions"}],"predecessor-version":[{"id":65534,"href":"http:\/\/noticiastelered.com\/PortalDNoticias\/wp-json\/wp\/v2\/posts\/65531\/revisions\/65534"}],"wp:featuredmedia":[{"embeddable":true,"href":"http:\/\/noticiastelered.com\/PortalDNoticias\/wp-json\/wp\/v2\/media\/65533"}],"wp:attachment":[{"href":"http:\/\/noticiastelered.com\/PortalDNoticias\/wp-json\/wp\/v2\/media?parent=65531"}],"wp:term":[{"taxonomy":"category","embeddable":true,"href":"http:\/\/noticiastelered.com\/PortalDNoticias\/wp-json\/wp\/v2\/categories?post=65531"},{"taxonomy":"post_tag","embeddable":true,"href":"http:\/\/noticiastelered.com\/PortalDNoticias\/wp-json\/wp\/v2\/tags?post=65531"}],"curies":[{"name":"wp","href":"https:\/\/api.w.org\/{rel}","templated":true}]}}