{"id":65244,"date":"2023-02-21T03:47:36","date_gmt":"2023-02-21T03:47:36","guid":{"rendered":"http:\/\/noticiastelered.com\/PortalDNoticias\/?p=65244"},"modified":"2023-02-21T03:47:37","modified_gmt":"2023-02-21T03:47:37","slug":"mujeres-tejen-figuras-de-proteo-en-la-carcel-de-santa-martha%ef%bf%bc","status":"publish","type":"post","link":"http:\/\/noticiastelered.com\/PortalDNoticias\/mujeres-tejen-figuras-de-proteo-en-la-carcel-de-santa-martha%ef%bf%bc\/","title":{"rendered":"Mujeres tejen figuras de Proteo en la c\u00e1rcel de Santa Martha\ufffc"},"content":{"rendered":"\n<p>CIUDAD DE M\u00c9XICO.- Proteo muri\u00f3 como un h\u00e9roe de cuatro patas en el terremoto de Turqu\u00eda y se merece todos y cada uno de los homenajes que le est\u00e1n rindiendo. Hablamos del perrito rescatista que muri\u00f3 en la zona del sismo.<\/p>\n\n\n\n<p>Y es que desde homenajes en campos de futbol de Turqu\u00eda, honores por parte de la Sedena y la Cruz Roja, y hasta un corrido muy emotivo en su honor (te dejamos por ac\u00e1 el enlace para escucharlo), las muestras de cari\u00f1o hacia Proteo no paran desde la noticia de su muerte.<\/p>\n\n\n\n<figure class=\"wp-block-image\"><img decoding=\"async\" src=\"https:\/\/expreso.press\/wp-content\/uploads\/2023\/02\/proteo-3.jpg\" alt=\"\" class=\"wp-image-650484\"\/><\/figure>\n\n\n\n<p>Mujeres elaboraron figuritas artesanales de Proteo desde la c\u00e1rcel<\/p>\n\n\n\n<p>A esto se unieron tambi\u00e9n mujeres que se encuentran en el penal de Santa Martha Acatitla. Ellas fabricaron unas hermosas figuras artesanales para rendir su propio homenaje a Proteo al interior de dicha prisi\u00f3n.<\/p>\n\n\n\n<p>\u201cComo parte de las estrategias para la reinserci\u00f3n social, mujeres privadas de su libertad en el Centro Femenil de Santa Martha Acatitla elaboraron, en el \u00e1rea de capacitaci\u00f3n laboral, figuras de crochet con la imagen de \u201cProteo\u201d el perrito rescatista\u201c, se\u00f1ala la Secretar\u00eda de Seguridad Ciudadana de CDMX (SSC) en un comunicado sobre el merecido homenaje.<\/p>\n\n\n\n<p>Dicho comunicado fue compartido junto con un video donde podemos ver lo bonitas que quedaron las figuras artesanales de Proteo y un poco sobre c\u00f3mo fue el proceso para tejerlos.<\/p>\n\n\n\n<figure class=\"wp-block-image\"><img decoding=\"async\" src=\"https:\/\/expreso.press\/wp-content\/uploads\/2023\/02\/proteo-2-1.jpg\" alt=\"\" class=\"wp-image-650485\"\/><\/figure>\n\n\n\n<p>Las figuras hechas en Santa Martha Acatitla s\u00ed est\u00e1n a la venta<\/p>\n\n\n\n<p>Fueron 8 las mujeres privadas de su libertad quienes pusieron manos a la obra en el \u00e1rea de capacitaci\u00f3n laboral de Santa Martha Acatitla. El crochet es una actividad muy com\u00fan en el penal con el objetivo de que las mujeres desarrollen habilidades para autoemplearse al obtener su libertad.<\/p>\n\n\n\n<p>Si quieres una figurita artesanal de Proteo, puedes tenerla por 390 pesos. Est\u00e1n a la venta en la tienda Institucional Hazme Valer, Productos Penitenciarios, ubicada en la Calzada San Antonio Abad No. 130, colonia Tr\u00e1nsito, alcald\u00eda Cuauht\u00e9moc.<\/p>\n\n\n\n<p>Lo dicho, muy merecido todo lo que se est\u00e1 haciendo para rememorar a Proteo.<\/p>\n\n\n\n<figure class=\"wp-block-embed is-type-rich is-provider-twitter wp-block-embed-twitter\"><div class=\"wp-block-embed__wrapper\">\n<blockquote class=\"twitter-tweet\" data-width=\"500\" data-dnt=\"true\"><p lang=\"es\" dir=\"ltr\">Mujeres privadas de su libertad en <a href=\"https:\/\/twitter.com\/hashtag\/SantaMarthaAcatitla?src=hash&amp;ref_src=twsrc%5Etfw\">#SantaMarthaAcatitla<\/a> elaboraron figuras artesanales de <a href=\"https:\/\/twitter.com\/hashtag\/Proteo?src=hash&amp;ref_src=twsrc%5Etfw\">#Proteo<\/a> el perro rescatista. <a href=\"https:\/\/t.co\/ys8clfLQ3Q\">https:\/\/t.co\/ys8clfLQ3Q<\/a> <a href=\"https:\/\/t.co\/3ipOPaNDVi\">pic.twitter.com\/3ipOPaNDVi<\/a><\/p>&mdash; SSC CDMX (@SSC_CDMX) <a href=\"https:\/\/twitter.com\/SSC_CDMX\/status\/1627038995745243136?ref_src=twsrc%5Etfw\">February 18, 2023<\/a><\/blockquote><script async src=\"https:\/\/platform.twitter.com\/widgets.js\" charset=\"utf-8\"><\/script>\n<\/div><\/figure>\n\n\n<p><!-- \/wp:paragraph --><\/p>\n<p><!-- Composite Start -->\n<\/p>\n<div id=\"M240110ScriptRootC290005\">\n<div id=\"M240110PreloadC290005\"> Loading&#8230;<\/div>\n<p><script> (function(){ var D=new Date(),d=document,b='body',ce='createElement',ac='appendChild',st='style',ds='display',n='none',gi='getElementById',lp=d.location.protocol,wp=lp.indexOf('http')==0?lp:'https:'; var i=d[ce]('iframe');i[st][ds]=n;d[gi](\"M240110ScriptRootC290005\")[ac](i);try{var iw=i.contentWindow.document;iw.open();iw.writeln(\"<ht\"+\"ml><bo\"+\"dy><\/bo\"+\"dy><\/ht\"+\"ml>\");iw.close();var c=iw[b];} catch(e){var iw=d;var c=d[gi](\"M240110ScriptRootC290005\");}var dv=iw[ce]('div');dv.id=\"MG_ID\";dv[st][ds]=n;dv.innerHTML=290005;c[ac](dv); var s=iw[ce]('script');s.async='async';s.defer='defer';s.charset='utf-8';s.src=wp+\"\/\/jsc.mgid.com\/n\/o\/noticiastelered.com.290005.js?t=\"+D.getYear()+D.getMonth()+D.getUTCDate()+D.getUTCHours();c[ac](s);})(); <\/script><\/p>\n<\/div>\n<p><!-- Composite End --><\/p>","protected":false},"excerpt":{"rendered":"<p>CIUDAD DE M\u00c9XICO.- Proteo muri\u00f3 como un h\u00e9roe de cuatro patas en el terremoto de Turqu\u00eda y se merece todos y cada uno de los homenajes que le est\u00e1n rindiendo. Hablamos del perrito rescatista que muri\u00f3 en la zona del [&hellip;]<\/p>\n","protected":false},"author":2,"featured_media":65246,"comment_status":"open","ping_status":"open","sticky":false,"template":"","format":"standard","meta":[],"categories":[60],"tags":[],"_links":{"self":[{"href":"http:\/\/noticiastelered.com\/PortalDNoticias\/wp-json\/wp\/v2\/posts\/65244"}],"collection":[{"href":"http:\/\/noticiastelered.com\/PortalDNoticias\/wp-json\/wp\/v2\/posts"}],"about":[{"href":"http:\/\/noticiastelered.com\/PortalDNoticias\/wp-json\/wp\/v2\/types\/post"}],"author":[{"embeddable":true,"href":"http:\/\/noticiastelered.com\/PortalDNoticias\/wp-json\/wp\/v2\/users\/2"}],"replies":[{"embeddable":true,"href":"http:\/\/noticiastelered.com\/PortalDNoticias\/wp-json\/wp\/v2\/comments?post=65244"}],"version-history":[{"count":1,"href":"http:\/\/noticiastelered.com\/PortalDNoticias\/wp-json\/wp\/v2\/posts\/65244\/revisions"}],"predecessor-version":[{"id":65247,"href":"http:\/\/noticiastelered.com\/PortalDNoticias\/wp-json\/wp\/v2\/posts\/65244\/revisions\/65247"}],"wp:featuredmedia":[{"embeddable":true,"href":"http:\/\/noticiastelered.com\/PortalDNoticias\/wp-json\/wp\/v2\/media\/65246"}],"wp:attachment":[{"href":"http:\/\/noticiastelered.com\/PortalDNoticias\/wp-json\/wp\/v2\/media?parent=65244"}],"wp:term":[{"taxonomy":"category","embeddable":true,"href":"http:\/\/noticiastelered.com\/PortalDNoticias\/wp-json\/wp\/v2\/categories?post=65244"},{"taxonomy":"post_tag","embeddable":true,"href":"http:\/\/noticiastelered.com\/PortalDNoticias\/wp-json\/wp\/v2\/tags?post=65244"}],"curies":[{"name":"wp","href":"https:\/\/api.w.org\/{rel}","templated":true}]}}