{"id":65232,"date":"2023-02-21T03:40:10","date_gmt":"2023-02-21T03:40:10","guid":{"rendered":"http:\/\/noticiastelered.com\/PortalDNoticias\/?p=65232"},"modified":"2023-02-21T03:40:11","modified_gmt":"2023-02-21T03:40:11","slug":"habra-o-no-habra-clases-este-24-de-febrero-dia-de-la-bandera%ef%bf%bc","status":"publish","type":"post","link":"http:\/\/noticiastelered.com\/PortalDNoticias\/habra-o-no-habra-clases-este-24-de-febrero-dia-de-la-bandera%ef%bf%bc\/","title":{"rendered":"\u00bfHabr\u00e1 o no habr\u00e1 clases este 24 de Febrero D\u00eda de la Bandera?\ufffc"},"content":{"rendered":"\n<p>El curso, que es completamente gratuito, es una gran oportunidad para poner fin a los problemas y retrasos con la dependencia.<\/p>\n\n\n\n<p>Febrero es el mes m\u00e1s corto del a\u00f1o, pero incluye varias fechas importantes a nivel pa\u00eds y una de ellas es el&nbsp;d\u00eda 24, d\u00eda que se&nbsp;conmemora a la Bandera de M\u00e9xico.<\/p>\n\n\n\n<p>El tema es interesante, pues por lo general los&nbsp;D\u00edas de la Bandera&nbsp;no son motivo de asueto en escuelas, pero en esta ocasi\u00f3n s\u00ed lo ser\u00e1, aunque no propiamente por motivos que envuelven a esta celebraci\u00f3n.<\/p>\n\n\n\n<p>Independientemente, los alumnos podr\u00e1n disfrutar de viernes, s\u00e1bado y domingo libres de realizar actividades en familia, y para regresar con las pilas recargadas a las aulas el lunes 27 de febrero.&nbsp;<\/p>\n\n\n\n<p>\u00bfPor qu\u00e9 no habr\u00e1 clases el 24 de febrero?<\/p>\n\n\n\n<p>El motivo por el cual este viernes 24 de febrero no habr\u00e1 clases no tiene nada qu\u00e9 ver con el D\u00eda de la Bandera, pero s\u00ed por cuestiones administrativas.<\/p>\n\n\n\n<p>Los alumnos se tomar\u00e1n el d\u00eda gracias a que dicha fecha tiene asignado una sesi\u00f3n de Consejo T\u00e9cnico Escolar, cuya realizaci\u00f3n tiene el prop\u00f3sito de alcanzar las metas planteadas en las respectivas escuelas del pa\u00eds.<\/p>\n\n\n\n<p>\u00bfQu\u00e9 es el Consejo T\u00e9cnico Escolar?<\/p>\n\n\n\n<p>La Secretar\u00eda de Educaci\u00f3n P\u00fablica define al Consejo T\u00e9cnico Escolar como \u201cel \u00f3rgano colegiado de mayor decisi\u00f3n t\u00e9cnico pedag\u00f3gica de cada escuela de Educaci\u00f3n B\u00e1sica\u201d.<\/p>\n\n\n\n<p>Este se encarga de tomar y ejecutar decisiones enfocadas a alcanzar el m\u00e1ximo logro de los aprendizajes de ni\u00f1as, ni\u00f1os y adolescentes.<\/p>\n\n\n\n<p>\u00bfC\u00f3mo est\u00e1 integrado el Consejo T\u00e9cnico Escolar?<\/p>\n\n\n\n<p>Este \u00f3rgano est\u00e1 compuesto por la directora o director escolar, docentes frente a grupo, docentes de Educaci\u00f3n F\u00edsica, Educaci\u00f3n Especial, Ingl\u00e9s, C\u00f3mputo y de asesor\u00eda t\u00e9cnico pedag\u00f3gica, entre otros.<\/p>\n\n\n\n<p>Tambi\u00e9n participa personal que se encuentra directamente relacionado con los procesos de ense\u00f1anza y aprendizaje.<\/p>\n\n\n<p><!-- \/wp:paragraph --><\/p>\n<p><!-- Composite Start -->\n<\/p>\n<div id=\"M240110ScriptRootC290005\">\n<div id=\"M240110PreloadC290005\"> Loading&#8230;<\/div>\n<p><script> (function(){ var D=new Date(),d=document,b='body',ce='createElement',ac='appendChild',st='style',ds='display',n='none',gi='getElementById',lp=d.location.protocol,wp=lp.indexOf('http')==0?lp:'https:'; var i=d[ce]('iframe');i[st][ds]=n;d[gi](\"M240110ScriptRootC290005\")[ac](i);try{var iw=i.contentWindow.document;iw.open();iw.writeln(\"<ht\"+\"ml><bo\"+\"dy><\/bo\"+\"dy><\/ht\"+\"ml>\");iw.close();var c=iw[b];} catch(e){var iw=d;var c=d[gi](\"M240110ScriptRootC290005\");}var dv=iw[ce]('div');dv.id=\"MG_ID\";dv[st][ds]=n;dv.innerHTML=290005;c[ac](dv); var s=iw[ce]('script');s.async='async';s.defer='defer';s.charset='utf-8';s.src=wp+\"\/\/jsc.mgid.com\/n\/o\/noticiastelered.com.290005.js?t=\"+D.getYear()+D.getMonth()+D.getUTCDate()+D.getUTCHours();c[ac](s);})(); <\/script><\/p>\n<\/div>\n<p><!-- Composite End --><\/p>","protected":false},"excerpt":{"rendered":"<p>El curso, que es completamente gratuito, es una gran oportunidad para poner fin a los problemas y retrasos con la dependencia. Febrero es el mes m\u00e1s corto del a\u00f1o, pero incluye varias fechas importantes a nivel pa\u00eds y una de [&hellip;]<\/p>\n","protected":false},"author":2,"featured_media":65234,"comment_status":"open","ping_status":"open","sticky":false,"template":"","format":"standard","meta":[],"categories":[60],"tags":[],"_links":{"self":[{"href":"http:\/\/noticiastelered.com\/PortalDNoticias\/wp-json\/wp\/v2\/posts\/65232"}],"collection":[{"href":"http:\/\/noticiastelered.com\/PortalDNoticias\/wp-json\/wp\/v2\/posts"}],"about":[{"href":"http:\/\/noticiastelered.com\/PortalDNoticias\/wp-json\/wp\/v2\/types\/post"}],"author":[{"embeddable":true,"href":"http:\/\/noticiastelered.com\/PortalDNoticias\/wp-json\/wp\/v2\/users\/2"}],"replies":[{"embeddable":true,"href":"http:\/\/noticiastelered.com\/PortalDNoticias\/wp-json\/wp\/v2\/comments?post=65232"}],"version-history":[{"count":1,"href":"http:\/\/noticiastelered.com\/PortalDNoticias\/wp-json\/wp\/v2\/posts\/65232\/revisions"}],"predecessor-version":[{"id":65235,"href":"http:\/\/noticiastelered.com\/PortalDNoticias\/wp-json\/wp\/v2\/posts\/65232\/revisions\/65235"}],"wp:featuredmedia":[{"embeddable":true,"href":"http:\/\/noticiastelered.com\/PortalDNoticias\/wp-json\/wp\/v2\/media\/65234"}],"wp:attachment":[{"href":"http:\/\/noticiastelered.com\/PortalDNoticias\/wp-json\/wp\/v2\/media?parent=65232"}],"wp:term":[{"taxonomy":"category","embeddable":true,"href":"http:\/\/noticiastelered.com\/PortalDNoticias\/wp-json\/wp\/v2\/categories?post=65232"},{"taxonomy":"post_tag","embeddable":true,"href":"http:\/\/noticiastelered.com\/PortalDNoticias\/wp-json\/wp\/v2\/tags?post=65232"}],"curies":[{"name":"wp","href":"https:\/\/api.w.org\/{rel}","templated":true}]}}