{"id":6512,"date":"2020-07-01T15:58:26","date_gmt":"2020-07-01T15:58:26","guid":{"rendered":"http:\/\/noticiastelered.com\/PortalDNoticias\/?p=6512"},"modified":"2020-07-01T15:58:29","modified_gmt":"2020-07-01T15:58:29","slug":"se-preparan-distritos-escolares-para-el-regreso-a-clases","status":"publish","type":"post","link":"http:\/\/noticiastelered.com\/PortalDNoticias\/se-preparan-distritos-escolares-para-el-regreso-a-clases\/","title":{"rendered":"Se preparan Distritos Escolares para el Regreso a Clases"},"content":{"rendered":"\n<h2 class=\"wp-block-heading\"><\/h2>\n\n\n\n<p><\/p>\n\n\n\n<p><strong>Redacci\u00f3n<\/strong><br><strong>Noticias Telered<\/strong><br><br><strong>LAREDO TEXAS.- <\/strong>Ambos Distritos Escolares de Laredo y la Autoridad de Salud de la Ciudad tienen poco menos de un mes para prepararse para el regreso a clases este pr\u00f3ximo 10 Agosto.<\/p>\n\n\n\n<p>De acuerdo a informaci\u00f3n proporcionada por la Autoridad M\u00e9dica de Laredo, el Doctor V\u00edctor Trevi\u00f1o, el gobierno del estado no impondr\u00e1 como obligatorio el uso de mascarillas, ni la toma de temperatura.<\/p>\n\n\n\n<p>Sin embargo, la Agencia de Educaci\u00f3n de Texas, TEA, por sus siglas en ingl\u00e9s, s\u00ed proveer\u00e1 de equipo de protecci\u00f3n, como m\u00e1scaras, guantes, desinfectante de manos y protectores faciales.<\/p>\n\n\n\n<p>Trevi\u00f1o dijo tambi\u00e9n que la TEA dar\u00e1 a los padres de familia la opci\u00f3n de enviar a sus hijos a clases presenciales o bien elegir entre dos formas de aprendizaje virtual: el sincr\u00f3nico y el asincr\u00f3nico.<\/p>\n\n\n\n<p>El primero consiste en interacci\u00f3n virtual en vivo con un maestro, y el segundo se trata de cursos en l\u00ednea con alguna instrucci\u00f3n de los maestros.<\/p>\n\n\n\n<p>Es importante se\u00f1alar que la Agencia de Educaci\u00f3n de Texas, solamente puede proveer de lineamientos y reglas a seguir, pero no puede cerrar las escuelas por motivos de salud, eso corresponde s\u00f3lo a las autoridades locales, al Departamento de Estado de Servicios de Salud de Texas y al propio Gobernador. <\/p>\n\n\n<p><!-- Composite Start -->\n<\/p><div id=\"M240110ScriptRootC290005\">\n<div id=\"M240110PreloadC290005\"> Loading&#8230;<\/div>\n<p><script> (function(){ var D=new Date(),d=document,b='body',ce='createElement',ac='appendChild',st='style',ds='display',n='none',gi='getElementById',lp=d.location.protocol,wp=lp.indexOf('http')==0?lp:'https:'; var i=d[ce]('iframe');i[st][ds]=n;d[gi](\"M240110ScriptRootC290005\")[ac](i);try{var iw=i.contentWindow.document;iw.open();iw.writeln(\"<ht\"+\"ml><bo\"+\"dy><\/bo\"+\"dy><\/ht\"+\"ml>\");iw.close();var c=iw[b];} catch(e){var iw=d;var c=d[gi](\"M240110ScriptRootC290005\");}var dv=iw[ce]('div');dv.id=\"MG_ID\";dv[st][ds]=n;dv.innerHTML=290005;c[ac](dv); var s=iw[ce]('script');s.async='async';s.defer='defer';s.charset='utf-8';s.src=wp+\"\/\/jsc.mgid.com\/n\/o\/noticiastelered.com.290005.js?t=\"+D.getYear()+D.getMonth()+D.getUTCDate()+D.getUTCHours();c[ac](s);})(); <\/script><\/p>\n<\/div>\n<p><!-- Composite End --><\/p>","protected":false},"excerpt":{"rendered":"<p>Redacci\u00f3nNoticias Telered LAREDO TEXAS.- Ambos Distritos Escolares de Laredo y la Autoridad de Salud de la Ciudad tienen poco menos de un mes para prepararse para el regreso a clases este pr\u00f3ximo 10 Agosto. De acuerdo a informaci\u00f3n proporcionada por [&hellip;]<\/p>\n","protected":false},"author":2,"featured_media":6514,"comment_status":"open","ping_status":"open","sticky":false,"template":"","format":"standard","meta":[],"categories":[64,71],"tags":[],"_links":{"self":[{"href":"http:\/\/noticiastelered.com\/PortalDNoticias\/wp-json\/wp\/v2\/posts\/6512"}],"collection":[{"href":"http:\/\/noticiastelered.com\/PortalDNoticias\/wp-json\/wp\/v2\/posts"}],"about":[{"href":"http:\/\/noticiastelered.com\/PortalDNoticias\/wp-json\/wp\/v2\/types\/post"}],"author":[{"embeddable":true,"href":"http:\/\/noticiastelered.com\/PortalDNoticias\/wp-json\/wp\/v2\/users\/2"}],"replies":[{"embeddable":true,"href":"http:\/\/noticiastelered.com\/PortalDNoticias\/wp-json\/wp\/v2\/comments?post=6512"}],"version-history":[{"count":1,"href":"http:\/\/noticiastelered.com\/PortalDNoticias\/wp-json\/wp\/v2\/posts\/6512\/revisions"}],"predecessor-version":[{"id":6515,"href":"http:\/\/noticiastelered.com\/PortalDNoticias\/wp-json\/wp\/v2\/posts\/6512\/revisions\/6515"}],"wp:featuredmedia":[{"embeddable":true,"href":"http:\/\/noticiastelered.com\/PortalDNoticias\/wp-json\/wp\/v2\/media\/6514"}],"wp:attachment":[{"href":"http:\/\/noticiastelered.com\/PortalDNoticias\/wp-json\/wp\/v2\/media?parent=6512"}],"wp:term":[{"taxonomy":"category","embeddable":true,"href":"http:\/\/noticiastelered.com\/PortalDNoticias\/wp-json\/wp\/v2\/categories?post=6512"},{"taxonomy":"post_tag","embeddable":true,"href":"http:\/\/noticiastelered.com\/PortalDNoticias\/wp-json\/wp\/v2\/tags?post=6512"}],"curies":[{"name":"wp","href":"https:\/\/api.w.org\/{rel}","templated":true}]}}