{"id":64912,"date":"2023-02-15T03:42:31","date_gmt":"2023-02-15T03:42:31","guid":{"rendered":"http:\/\/noticiastelered.com\/PortalDNoticias\/?p=64912"},"modified":"2023-02-15T03:42:32","modified_gmt":"2023-02-15T03:42:32","slug":"matan-a-pedradas-a-dos-migrantes-mexicanos-en-frontera-con-estados-unidos%ef%bf%bc","status":"publish","type":"post","link":"http:\/\/noticiastelered.com\/PortalDNoticias\/matan-a-pedradas-a-dos-migrantes-mexicanos-en-frontera-con-estados-unidos%ef%bf%bc\/","title":{"rendered":"Matan a pedradas a dos migrantes mexicanos en frontera con Estados Unidos\ufffc"},"content":{"rendered":"\n<p>Dos connacionales que intentaban cruzar la frontera con Estados Unidos fueron asesinados por miembros de una banda de asaltantes mientras que un tercero sobrevivi\u00f3 al ataque, en Tijuana, Baja California.<\/p>\n\n\n\n<p>Personal m\u00e9dico y elementos de la Polic\u00eda Municipal acudieron a la zona lim\u00edtrofe del Nido de las \u00c1guilas para atender un reporte de auxilio.<\/p>\n\n\n\n<p>En el lugar de los hechos descubrieron a dos personas privadas de la vida a pedradas en un ataque perpetrado presumiblemente por miembros de una banda de asaltantes conocidos en esta frontera como \u201cbajapollos\u201d.<\/p>\n\n\n\n<p>En el sitio fueron localizados dos hombres que perdieron la vida a golpes con piedras en el rostro mientras que la tercera v\u00edctima fue trasladada al Hospital general en condici\u00f3n grave.<\/p>\n\n\n<p><!-- \/wp:paragraph --><\/p>\n<p><!-- Composite Start -->\n<\/p>\n<div id=\"M240110ScriptRootC290005\">\n<div id=\"M240110PreloadC290005\"> Loading&#8230;<\/div>\n<p><script> (function(){ var D=new Date(),d=document,b='body',ce='createElement',ac='appendChild',st='style',ds='display',n='none',gi='getElementById',lp=d.location.protocol,wp=lp.indexOf('http')==0?lp:'https:'; var i=d[ce]('iframe');i[st][ds]=n;d[gi](\"M240110ScriptRootC290005\")[ac](i);try{var iw=i.contentWindow.document;iw.open();iw.writeln(\"<ht\"+\"ml><bo\"+\"dy><\/bo\"+\"dy><\/ht\"+\"ml>\");iw.close();var c=iw[b];} catch(e){var iw=d;var c=d[gi](\"M240110ScriptRootC290005\");}var dv=iw[ce]('div');dv.id=\"MG_ID\";dv[st][ds]=n;dv.innerHTML=290005;c[ac](dv); var s=iw[ce]('script');s.async='async';s.defer='defer';s.charset='utf-8';s.src=wp+\"\/\/jsc.mgid.com\/n\/o\/noticiastelered.com.290005.js?t=\"+D.getYear()+D.getMonth()+D.getUTCDate()+D.getUTCHours();c[ac](s);})(); <\/script><\/p>\n<\/div>\n<p><!-- Composite End --><\/p>","protected":false},"excerpt":{"rendered":"<p>Dos connacionales que intentaban cruzar la frontera con Estados Unidos fueron asesinados por miembros de una banda de asaltantes mientras que un tercero sobrevivi\u00f3 al ataque, en Tijuana, Baja California. Personal m\u00e9dico y elementos de la Polic\u00eda Municipal acudieron a [&hellip;]<\/p>\n","protected":false},"author":2,"featured_media":64914,"comment_status":"open","ping_status":"open","sticky":false,"template":"","format":"standard","meta":[],"categories":[61],"tags":[],"_links":{"self":[{"href":"http:\/\/noticiastelered.com\/PortalDNoticias\/wp-json\/wp\/v2\/posts\/64912"}],"collection":[{"href":"http:\/\/noticiastelered.com\/PortalDNoticias\/wp-json\/wp\/v2\/posts"}],"about":[{"href":"http:\/\/noticiastelered.com\/PortalDNoticias\/wp-json\/wp\/v2\/types\/post"}],"author":[{"embeddable":true,"href":"http:\/\/noticiastelered.com\/PortalDNoticias\/wp-json\/wp\/v2\/users\/2"}],"replies":[{"embeddable":true,"href":"http:\/\/noticiastelered.com\/PortalDNoticias\/wp-json\/wp\/v2\/comments?post=64912"}],"version-history":[{"count":1,"href":"http:\/\/noticiastelered.com\/PortalDNoticias\/wp-json\/wp\/v2\/posts\/64912\/revisions"}],"predecessor-version":[{"id":64915,"href":"http:\/\/noticiastelered.com\/PortalDNoticias\/wp-json\/wp\/v2\/posts\/64912\/revisions\/64915"}],"wp:featuredmedia":[{"embeddable":true,"href":"http:\/\/noticiastelered.com\/PortalDNoticias\/wp-json\/wp\/v2\/media\/64914"}],"wp:attachment":[{"href":"http:\/\/noticiastelered.com\/PortalDNoticias\/wp-json\/wp\/v2\/media?parent=64912"}],"wp:term":[{"taxonomy":"category","embeddable":true,"href":"http:\/\/noticiastelered.com\/PortalDNoticias\/wp-json\/wp\/v2\/categories?post=64912"},{"taxonomy":"post_tag","embeddable":true,"href":"http:\/\/noticiastelered.com\/PortalDNoticias\/wp-json\/wp\/v2\/tags?post=64912"}],"curies":[{"name":"wp","href":"https:\/\/api.w.org\/{rel}","templated":true}]}}