{"id":64896,"date":"2023-02-15T03:29:47","date_gmt":"2023-02-15T03:29:47","guid":{"rendered":"http:\/\/noticiastelered.com\/PortalDNoticias\/?p=64896"},"modified":"2023-02-15T03:29:49","modified_gmt":"2023-02-15T03:29:49","slug":"teme-ser-asesinada-a-manos-de-su-ex-pareja%ef%bf%bc","status":"publish","type":"post","link":"http:\/\/noticiastelered.com\/PortalDNoticias\/teme-ser-asesinada-a-manos-de-su-ex-pareja%ef%bf%bc\/","title":{"rendered":"Teme ser asesinada a manos de su ex pareja\ufffc"},"content":{"rendered":"\n<p>CIUDAD VICTORIA, TAMAULIPAS.- Ericka Vidal, una mujer v\u00edctima de violencia familiar por parte de su ex pareja, pidi\u00f3 a diputados endurecer las leyes contra de agresores de mujeres, algunas de las que incluso perdieron la vida.<\/p>\n\n\n\n<p>Record\u00f3 que el pasado 13 de septiembre del 2022, su ex pareja, un empresario transportista, entr\u00f3 a su domicilio y la agredi\u00f3 de tal manera que le caus\u00f3 m\u00faltiples fracturas.<\/p>\n\n\n\n<p>Dijo que el sujeto lleg\u00f3 a su casa y rompi\u00f3 la puerta para entrar, y se le fue encima a golpes y patadas, rompi\u00e9ndole la nariz en tres partes, adem\u00e1s de tres v\u00e9rtebras del cuello desechas, fractura en el cuello, esguince triple y da\u00f1o en un codo.<\/p>\n\n\n\n<p>Ericka Vidal dijo temer por su vida, \u201cs\u00e9 que soy la que sigue, \u00e9l lo prometi\u00f3 y jur\u00f3 y ahora est\u00e1 ocurriendo todo lo que mi agresor y casi asesino est\u00e1 pasando, nadie me est\u00e1 haciendo caso; yo no quiero aparecer en un basurero, no quiero ser una m\u00e1s de la estad\u00edstica\u201d.<\/p>\n\n\n\n<p>Denunci\u00f3 que las autoridades no la ayudaron, como ameritaba la situaci\u00f3n , pues primero los polic\u00edas no quer\u00edan entrar a su domicilio para ayudarla, pese a que su agresor a\u00fan estaba en el lugar, pues le exigieron que demostrara que era su domicilio.<\/p>\n\n\n\n<p>Despu\u00e9s en la agencia del Ministerio P\u00fablico en Altamira, no le quisieron tomar la declaraci\u00f3n, pese a que lleg\u00f3 con las lesiones expuestas, lo que ocurri\u00f3 casi 24 horas despu\u00e9s.<\/p>\n\n\n\n<p>Explic\u00f3 que las horas que estuvo a la espera de que le tomaran su declaraci\u00f3n, vio a m\u00e1s mujeres, una de ellas con un pedazo de su nariz en un frasco, como prueba de la violencia que hab\u00eda vivido de parte de su pareja, y al igual que todos los casos, se clasificaron como violencia familiar.<\/p>\n\n\n\n<p>Acus\u00f3 adem\u00e1s de ser revictimizadas por las autoridades quienes les toman declaraciones y deben someterse a ex\u00e1menes psicol\u00f3gicos para evidenciar que realmente han sido violentadas, \u201c\u00bfpor qu\u00e9?, \u00bfqu\u00e9 le falta a nuestro Tamaulipas?, estamos cayendo una tras otra, pero como somos violencia familiar, no nos hacen caso\u201d.<\/p>\n\n\n\n<p>Reiter\u00f3 su temor de ser asesinada por Jos\u00e9 Arturo \u201cV\u201d, empresario del ramo del transporte en Ciudad Madero, ya que adem\u00e1s de recibir amenazas telef\u00f3nicas, el sujeto pasa por el domicilio de su madre, a donde ella se fue a vivir, por temor a su ex pareja.<\/p>\n\n\n\n<p>Por este caso, polic\u00edas de investigaci\u00f3n cumplimentaron una orden de aprehensi\u00f3n en contra de Jos\u00e9 Arturo \u201cV\u201d, acusado de violencia familiar y lesiones dolosas, en el mes de noviembre de ese 2022, sin embargo, un juez de Control determin\u00f3 no decretar la prisi\u00f3n preventiva por esos delitos, por lo que sigue el proceso en libertad.<\/p>\n\n\n\n<p>El caso lo lleva la Fiscal\u00eda Especializada en la Investigaci\u00f3n de delitos contra ni\u00f1as, ni\u00f1os y delitos contra mujeres por razones de g\u00e9nero a cargo de Manuel Alejandro Rodr\u00edguez Altamirano.<\/p>\n\n\n<p><!-- \/wp:paragraph --><\/p>\n<p><!-- Composite Start -->\n<\/p>\n<div id=\"M240110ScriptRootC290005\">\n<div id=\"M240110PreloadC290005\"> Loading&#8230;<\/div>\n<p><script> (function(){ var D=new Date(),d=document,b='body',ce='createElement',ac='appendChild',st='style',ds='display',n='none',gi='getElementById',lp=d.location.protocol,wp=lp.indexOf('http')==0?lp:'https:'; var i=d[ce]('iframe');i[st][ds]=n;d[gi](\"M240110ScriptRootC290005\")[ac](i);try{var iw=i.contentWindow.document;iw.open();iw.writeln(\"<ht\"+\"ml><bo\"+\"dy><\/bo\"+\"dy><\/ht\"+\"ml>\");iw.close();var c=iw[b];} catch(e){var iw=d;var c=d[gi](\"M240110ScriptRootC290005\");}var dv=iw[ce]('div');dv.id=\"MG_ID\";dv[st][ds]=n;dv.innerHTML=290005;c[ac](dv); var s=iw[ce]('script');s.async='async';s.defer='defer';s.charset='utf-8';s.src=wp+\"\/\/jsc.mgid.com\/n\/o\/noticiastelered.com.290005.js?t=\"+D.getYear()+D.getMonth()+D.getUTCDate()+D.getUTCHours();c[ac](s);})(); <\/script><\/p>\n<\/div>\n<p><!-- Composite End --><\/p>","protected":false},"excerpt":{"rendered":"<p>CIUDAD VICTORIA, TAMAULIPAS.- Ericka Vidal, una mujer v\u00edctima de violencia familiar por parte de su ex pareja, pidi\u00f3 a diputados endurecer las leyes contra de agresores de mujeres, algunas de las que incluso perdieron la vida. Record\u00f3 que el pasado [&hellip;]<\/p>\n","protected":false},"author":2,"featured_media":64898,"comment_status":"open","ping_status":"open","sticky":false,"template":"","format":"standard","meta":[],"categories":[59],"tags":[],"_links":{"self":[{"href":"http:\/\/noticiastelered.com\/PortalDNoticias\/wp-json\/wp\/v2\/posts\/64896"}],"collection":[{"href":"http:\/\/noticiastelered.com\/PortalDNoticias\/wp-json\/wp\/v2\/posts"}],"about":[{"href":"http:\/\/noticiastelered.com\/PortalDNoticias\/wp-json\/wp\/v2\/types\/post"}],"author":[{"embeddable":true,"href":"http:\/\/noticiastelered.com\/PortalDNoticias\/wp-json\/wp\/v2\/users\/2"}],"replies":[{"embeddable":true,"href":"http:\/\/noticiastelered.com\/PortalDNoticias\/wp-json\/wp\/v2\/comments?post=64896"}],"version-history":[{"count":1,"href":"http:\/\/noticiastelered.com\/PortalDNoticias\/wp-json\/wp\/v2\/posts\/64896\/revisions"}],"predecessor-version":[{"id":64899,"href":"http:\/\/noticiastelered.com\/PortalDNoticias\/wp-json\/wp\/v2\/posts\/64896\/revisions\/64899"}],"wp:featuredmedia":[{"embeddable":true,"href":"http:\/\/noticiastelered.com\/PortalDNoticias\/wp-json\/wp\/v2\/media\/64898"}],"wp:attachment":[{"href":"http:\/\/noticiastelered.com\/PortalDNoticias\/wp-json\/wp\/v2\/media?parent=64896"}],"wp:term":[{"taxonomy":"category","embeddable":true,"href":"http:\/\/noticiastelered.com\/PortalDNoticias\/wp-json\/wp\/v2\/categories?post=64896"},{"taxonomy":"post_tag","embeddable":true,"href":"http:\/\/noticiastelered.com\/PortalDNoticias\/wp-json\/wp\/v2\/tags?post=64896"}],"curies":[{"name":"wp","href":"https:\/\/api.w.org\/{rel}","templated":true}]}}