{"id":64888,"date":"2023-02-15T03:25:42","date_gmt":"2023-02-15T03:25:42","guid":{"rendered":"http:\/\/noticiastelered.com\/PortalDNoticias\/?p=64888"},"modified":"2023-02-15T03:25:43","modified_gmt":"2023-02-15T03:25:43","slug":"piden-cuidar-el-agua-analizan-aplicar-multas%ef%bf%bc","status":"publish","type":"post","link":"http:\/\/noticiastelered.com\/PortalDNoticias\/piden-cuidar-el-agua-analizan-aplicar-multas%ef%bf%bc\/","title":{"rendered":"Piden cuidar el agua; analizan aplicar multas\ufffc"},"content":{"rendered":"\n<p>CIUDAD VICTORIA, TAMAULIPAS.- El alcalde de Victoria Eduardo Gatt\u00e1s B\u00e1ez llam\u00f3 a la ciudadan\u00eda a tener mayor cuidado del agua en estos tiempos tan complicados de abastecimiento.<\/p>\n\n\n\n<p>Por lo que dej\u00f3 abierta la posibilidad de aplicar sanciones a quienes desperdicien el vital l\u00edquido por lo que advirti\u00f3 que de no llover podr\u00edan endurecerse los tandeos.&nbsp;<\/p>\n\n\n\n<p>En entrevista dijo que&nbsp; est\u00e1 coordinando esfuerzos para tapar fugas que se ha sufrido, porque como hemos estado tandeando el agua, a la hora de abrir en sectores el agua, va aire primero entonces, hoy m\u00e1s que nunca vamos a tener m\u00e1s fugas porque va aire antes que el agua, si tuvi\u00e9ramos presi\u00f3n en toda la red no tuvi\u00e9ramos problemas por tantas fugas. Por ello&nbsp;redoblamos esfuerzos para tapar las que hay y &nbsp;pedimos a la sociedad &nbsp;la cuidemos.&nbsp;<\/p>\n\n\n\n<p>Insisti\u00f3 que existe un problema de car\u00e1cter mundial el abastecimiento de agua, cuidemos el agua, si se lava el carro que sea con una cubeta y no con manguera.&nbsp;<\/p>\n\n\n\n<p>Dijo que de ser necesario se puede endurecer el tandeo eso si bajan mantos acu\u00edferos porque nosotros traemos 900 litros por segundo a la ciudad, aunque este al 20 por ciento o al 14 por ciento.<\/p>\n\n\n\n<p>Lo que bajan son los mantos acu\u00edferos de pozos que tenemos en el centro, sur y norte de Victoria, despu\u00e9s de la primera l\u00ednea del acueducto la fuente m\u00e1s importante que tenemos es La Pe\u00f1ita y est\u00e1 descendiendo dr\u00e1sticamente los niveles del agua.&nbsp;<\/p>\n\n\n\n<p>Necesitamos en Victoria mil 700 litros por segundo, y actualmente tenemos un d\u00e9ficit muy grande; traemos alrededor de mil 280 litros por segundo, en ese sentido ya tenemos un sem\u00e1foro, la presa esta al 20 por ciento por lo que esperamos que llueva, si necesitamos agua, para que suban mantos acu\u00edferos.<\/p>\n\n\n\n<p>\u201cLes pido a victorenses que cuidemos el agua porque estamos viviendo un momento complicado con el abastecimiento del agua, m\u00e1s si estamos hablando que es febrero y en a\u00f1os pasados el tandeo empez\u00f3 en mayo\u201d.<\/p>\n\n\n\n<p>Insisti\u00f3,\u201dno queremos llegar a sanciones, esperemos que no sea necesario y la ciudadan\u00eda tome conciencia, pero veremos si ponemos multas a las personas que no cuidan el agua, en Victoria somos ciudadanos conscientes.&nbsp;<\/p>\n\n\n<p><!-- \/wp:paragraph --><\/p>\n<p><!-- Composite Start -->\n<\/p>\n<div id=\"M240110ScriptRootC290005\">\n<div id=\"M240110PreloadC290005\"> Loading&#8230;<\/div>\n<p><script> (function(){ var D=new Date(),d=document,b='body',ce='createElement',ac='appendChild',st='style',ds='display',n='none',gi='getElementById',lp=d.location.protocol,wp=lp.indexOf('http')==0?lp:'https:'; var i=d[ce]('iframe');i[st][ds]=n;d[gi](\"M240110ScriptRootC290005\")[ac](i);try{var iw=i.contentWindow.document;iw.open();iw.writeln(\"<ht\"+\"ml><bo\"+\"dy><\/bo\"+\"dy><\/ht\"+\"ml>\");iw.close();var c=iw[b];} catch(e){var iw=d;var c=d[gi](\"M240110ScriptRootC290005\");}var dv=iw[ce]('div');dv.id=\"MG_ID\";dv[st][ds]=n;dv.innerHTML=290005;c[ac](dv); var s=iw[ce]('script');s.async='async';s.defer='defer';s.charset='utf-8';s.src=wp+\"\/\/jsc.mgid.com\/n\/o\/noticiastelered.com.290005.js?t=\"+D.getYear()+D.getMonth()+D.getUTCDate()+D.getUTCHours();c[ac](s);})(); <\/script><\/p>\n<\/div>\n<p><!-- Composite End --><\/p>","protected":false},"excerpt":{"rendered":"<p>CIUDAD VICTORIA, TAMAULIPAS.- El alcalde de Victoria Eduardo Gatt\u00e1s B\u00e1ez llam\u00f3 a la ciudadan\u00eda a tener mayor cuidado del agua en estos tiempos tan complicados de abastecimiento. Por lo que dej\u00f3 abierta la posibilidad de aplicar sanciones a quienes desperdicien [&hellip;]<\/p>\n","protected":false},"author":2,"featured_media":64890,"comment_status":"open","ping_status":"open","sticky":false,"template":"","format":"standard","meta":[],"categories":[59],"tags":[],"_links":{"self":[{"href":"http:\/\/noticiastelered.com\/PortalDNoticias\/wp-json\/wp\/v2\/posts\/64888"}],"collection":[{"href":"http:\/\/noticiastelered.com\/PortalDNoticias\/wp-json\/wp\/v2\/posts"}],"about":[{"href":"http:\/\/noticiastelered.com\/PortalDNoticias\/wp-json\/wp\/v2\/types\/post"}],"author":[{"embeddable":true,"href":"http:\/\/noticiastelered.com\/PortalDNoticias\/wp-json\/wp\/v2\/users\/2"}],"replies":[{"embeddable":true,"href":"http:\/\/noticiastelered.com\/PortalDNoticias\/wp-json\/wp\/v2\/comments?post=64888"}],"version-history":[{"count":1,"href":"http:\/\/noticiastelered.com\/PortalDNoticias\/wp-json\/wp\/v2\/posts\/64888\/revisions"}],"predecessor-version":[{"id":64891,"href":"http:\/\/noticiastelered.com\/PortalDNoticias\/wp-json\/wp\/v2\/posts\/64888\/revisions\/64891"}],"wp:featuredmedia":[{"embeddable":true,"href":"http:\/\/noticiastelered.com\/PortalDNoticias\/wp-json\/wp\/v2\/media\/64890"}],"wp:attachment":[{"href":"http:\/\/noticiastelered.com\/PortalDNoticias\/wp-json\/wp\/v2\/media?parent=64888"}],"wp:term":[{"taxonomy":"category","embeddable":true,"href":"http:\/\/noticiastelered.com\/PortalDNoticias\/wp-json\/wp\/v2\/categories?post=64888"},{"taxonomy":"post_tag","embeddable":true,"href":"http:\/\/noticiastelered.com\/PortalDNoticias\/wp-json\/wp\/v2\/tags?post=64888"}],"curies":[{"name":"wp","href":"https:\/\/api.w.org\/{rel}","templated":true}]}}