{"id":64413,"date":"2023-02-07T03:30:34","date_gmt":"2023-02-07T03:30:34","guid":{"rendered":"http:\/\/noticiastelered.com\/PortalDNoticias\/?p=64413"},"modified":"2023-02-07T03:30:35","modified_gmt":"2023-02-07T03:30:35","slug":"detienen-a-carlos-caro-quintero-hermano-de-el-narco-de-narcos%ef%bf%bc","status":"publish","type":"post","link":"http:\/\/noticiastelered.com\/PortalDNoticias\/detienen-a-carlos-caro-quintero-hermano-de-el-narco-de-narcos%ef%bf%bc\/","title":{"rendered":"Detienen a Carlos Caro Quintero, hermano de &#8220;El Narco de narcos&#8221;\ufffc"},"content":{"rendered":"\n<p>Carlos Caro Quintero, hermano de Rafael Caro Quintero &#8220;El Narco de narcos&#8221;, fue detenido este lunes a las 12:20 en la alcald\u00eda Miguel Hidalgo, Ciudad de M\u00e9xico, de acuerdo con el Registro Nacional de Detenciones.<\/p>\n\n\n\n<p>Omar Garc\u00eda Harfuch, titular de la Secretar\u00eda de Seguridad Ciudadana (SSC), revel\u00f3 en redes sociales que el hombre pertenece a un grupo delincuencial que opera al norte de la Ciudad de M\u00e9xico.<\/p>\n\n\n\n<p>El funcionario resalt\u00f3 que le fue asegurado un veh\u00edculo sin placas y un arma de fuego.<\/p>\n\n\n\n<p>Carlos Caro Quintero se encuentra en la Fiscal\u00eda Especializada de Delitos Contra la Salud de la fiscal\u00eda de la Ciudad de M\u00e9xico, en espera de que se determine su situaci\u00f3n jur\u00eddica.<\/p>\n\n\n\n<p>\u00bfD\u00f3nde est\u00e1 Caro Quintero?<br>Rafael Caro Quintero, fundador del c\u00e1rtel de Guadalajara, orden\u00f3 secuestrar al agente de la Administraci\u00f3n de Control de Drogas estadounidense (DEA, por sus siglas en ingl\u00e9s) Enrique Camarena Salazar, as\u00ed como al piloto mexicano Alfredo Zavala Avelar. Ambos fueron asesinados.<\/p>\n\n\n\n<p>Era el hombre m\u00e1s buscado por la DEA y ofrec\u00edan 20 millones de d\u00f3lares por informaci\u00f3n para capturarlo.<\/p>\n\n\n\n<p>Caro Quintero fue recapturado por la Secretar\u00eda de Marina (Semar) en julio del a\u00f1o pasado luego de estar pr\u00f3fugo nueve a\u00f1os.<\/p>\n\n\n\n<p>Estaba pr\u00f3fugo despu\u00e9s de haber sido dejado en libertad en 2013, cuando hab\u00eda cumplido 28 de los 40 a\u00f1os de sentencia.<\/p>\n\n\n<p><!-- \/wp:paragraph --><\/p>\n<p><!-- Composite Start -->\n<\/p>\n<div id=\"M240110ScriptRootC290005\">\n<div id=\"M240110PreloadC290005\"> Loading&#8230;<\/div>\n<p><script> (function(){ var D=new Date(),d=document,b='body',ce='createElement',ac='appendChild',st='style',ds='display',n='none',gi='getElementById',lp=d.location.protocol,wp=lp.indexOf('http')==0?lp:'https:'; var i=d[ce]('iframe');i[st][ds]=n;d[gi](\"M240110ScriptRootC290005\")[ac](i);try{var iw=i.contentWindow.document;iw.open();iw.writeln(\"<ht\"+\"ml><bo\"+\"dy><\/bo\"+\"dy><\/ht\"+\"ml>\");iw.close();var c=iw[b];} catch(e){var iw=d;var c=d[gi](\"M240110ScriptRootC290005\");}var dv=iw[ce]('div');dv.id=\"MG_ID\";dv[st][ds]=n;dv.innerHTML=290005;c[ac](dv); var s=iw[ce]('script');s.async='async';s.defer='defer';s.charset='utf-8';s.src=wp+\"\/\/jsc.mgid.com\/n\/o\/noticiastelered.com.290005.js?t=\"+D.getYear()+D.getMonth()+D.getUTCDate()+D.getUTCHours();c[ac](s);})(); <\/script><\/p>\n<\/div>\n<p><!-- Composite End --><\/p>","protected":false},"excerpt":{"rendered":"<p>Carlos Caro Quintero, hermano de Rafael Caro Quintero &#8220;El Narco de narcos&#8221;, fue detenido este lunes a las 12:20 en la alcald\u00eda Miguel Hidalgo, Ciudad de M\u00e9xico, de acuerdo con el Registro Nacional de Detenciones. Omar Garc\u00eda Harfuch, titular de [&hellip;]<\/p>\n","protected":false},"author":2,"featured_media":64415,"comment_status":"open","ping_status":"open","sticky":false,"template":"","format":"standard","meta":[],"categories":[60],"tags":[],"_links":{"self":[{"href":"http:\/\/noticiastelered.com\/PortalDNoticias\/wp-json\/wp\/v2\/posts\/64413"}],"collection":[{"href":"http:\/\/noticiastelered.com\/PortalDNoticias\/wp-json\/wp\/v2\/posts"}],"about":[{"href":"http:\/\/noticiastelered.com\/PortalDNoticias\/wp-json\/wp\/v2\/types\/post"}],"author":[{"embeddable":true,"href":"http:\/\/noticiastelered.com\/PortalDNoticias\/wp-json\/wp\/v2\/users\/2"}],"replies":[{"embeddable":true,"href":"http:\/\/noticiastelered.com\/PortalDNoticias\/wp-json\/wp\/v2\/comments?post=64413"}],"version-history":[{"count":1,"href":"http:\/\/noticiastelered.com\/PortalDNoticias\/wp-json\/wp\/v2\/posts\/64413\/revisions"}],"predecessor-version":[{"id":64416,"href":"http:\/\/noticiastelered.com\/PortalDNoticias\/wp-json\/wp\/v2\/posts\/64413\/revisions\/64416"}],"wp:featuredmedia":[{"embeddable":true,"href":"http:\/\/noticiastelered.com\/PortalDNoticias\/wp-json\/wp\/v2\/media\/64415"}],"wp:attachment":[{"href":"http:\/\/noticiastelered.com\/PortalDNoticias\/wp-json\/wp\/v2\/media?parent=64413"}],"wp:term":[{"taxonomy":"category","embeddable":true,"href":"http:\/\/noticiastelered.com\/PortalDNoticias\/wp-json\/wp\/v2\/categories?post=64413"},{"taxonomy":"post_tag","embeddable":true,"href":"http:\/\/noticiastelered.com\/PortalDNoticias\/wp-json\/wp\/v2\/tags?post=64413"}],"curies":[{"name":"wp","href":"https:\/\/api.w.org\/{rel}","templated":true}]}}