{"id":64364,"date":"2023-02-07T02:56:37","date_gmt":"2023-02-07T02:56:37","guid":{"rendered":"http:\/\/noticiastelered.com\/PortalDNoticias\/?p=64364"},"modified":"2023-02-07T02:56:38","modified_gmt":"2023-02-07T02:56:38","slug":"reportan-solo-7-contagios-de-covid-19-6-confirmados-en-ciudad-victoria%ef%bf%bc","status":"publish","type":"post","link":"http:\/\/noticiastelered.com\/PortalDNoticias\/reportan-solo-7-contagios-de-covid-19-6-confirmados-en-ciudad-victoria%ef%bf%bc\/","title":{"rendered":"Reportan solo 7 contagios de COVID-19, 6 confirmados en Ciudad Victoria\ufffc"},"content":{"rendered":"\n<p>VICTORIA, TAM.- Durante la jornada de este domingo, en Tamaulipas fueron confirmados s\u00f3lo siete contagios de COVID-19, de los cuales corresponden a casos reportados en ciudad Victoria; el s\u00e9ptimo caso fue notificado por el municipio de Madero con lo que se eleva el n\u00famero de contagios a 183 mil 228.<\/p>\n\n\n\n<p>El secretario de salud en el Estado, Vicente Joel Hern\u00e1ndez Navarro dio a conocer qu\u00e9 la estad\u00edstica para la entidad se\u00f1ala que a la fecha ha logrado recuperarse 174 mil 658 pacientes y han fallecido 8 mil 83 personas.<\/p>\n\n\n\n<p>En ese sentido dijo que las personas al tocarse los ojos, nariz y boca, despu\u00e9s de haber tocado superficies contaminadas, pueden contagiarte del virus SARS-CoV2 causante del COVID-19, por lo que exhorto a la poblaci\u00f3n a seguirse cuidando.<\/p>\n\n\n\n<p>\u201cEl virus sigue causando enfermedad grave principalmente en los adultos mayores o quienes presentan padecimientos cr\u00f3nicos degenerativos\u201d, por lo que tambi\u00e9n es importante la vacunaci\u00f3n.<\/p>\n\n\n\n<p>Ante las condiciones que presenta la enfermedad en Tamaulipas, cuyo sem\u00e1foro se<br>Mantiene en verde con solo dos municipios en amarillo -Tampico y Madero-, reiter\u00f3 el llamado a mantener las medidas preventivas como el uso del cubrebocas, el lavado frecuente de manos e incluso la sana distancia entre persona y persona para evitar contagios.<\/p>\n\n\n<p><!-- \/wp:paragraph --><\/p>\n<p><!-- Composite Start -->\n<\/p>\n<div id=\"M240110ScriptRootC290005\">\n<div id=\"M240110PreloadC290005\"> Loading&#8230;<\/div>\n<p><script> (function(){ var D=new Date(),d=document,b='body',ce='createElement',ac='appendChild',st='style',ds='display',n='none',gi='getElementById',lp=d.location.protocol,wp=lp.indexOf('http')==0?lp:'https:'; var i=d[ce]('iframe');i[st][ds]=n;d[gi](\"M240110ScriptRootC290005\")[ac](i);try{var iw=i.contentWindow.document;iw.open();iw.writeln(\"<ht\"+\"ml><bo\"+\"dy><\/bo\"+\"dy><\/ht\"+\"ml>\");iw.close();var c=iw[b];} catch(e){var iw=d;var c=d[gi](\"M240110ScriptRootC290005\");}var dv=iw[ce]('div');dv.id=\"MG_ID\";dv[st][ds]=n;dv.innerHTML=290005;c[ac](dv); var s=iw[ce]('script');s.async='async';s.defer='defer';s.charset='utf-8';s.src=wp+\"\/\/jsc.mgid.com\/n\/o\/noticiastelered.com.290005.js?t=\"+D.getYear()+D.getMonth()+D.getUTCDate()+D.getUTCHours();c[ac](s);})(); <\/script><\/p>\n<\/div>\n<p><!-- Composite End --><\/p>","protected":false},"excerpt":{"rendered":"<p>VICTORIA, TAM.- Durante la jornada de este domingo, en Tamaulipas fueron confirmados s\u00f3lo siete contagios de COVID-19, de los cuales corresponden a casos reportados en ciudad Victoria; el s\u00e9ptimo caso fue notificado por el municipio de Madero con lo que [&hellip;]<\/p>\n","protected":false},"author":2,"featured_media":64366,"comment_status":"open","ping_status":"open","sticky":false,"template":"","format":"standard","meta":[],"categories":[59],"tags":[],"_links":{"self":[{"href":"http:\/\/noticiastelered.com\/PortalDNoticias\/wp-json\/wp\/v2\/posts\/64364"}],"collection":[{"href":"http:\/\/noticiastelered.com\/PortalDNoticias\/wp-json\/wp\/v2\/posts"}],"about":[{"href":"http:\/\/noticiastelered.com\/PortalDNoticias\/wp-json\/wp\/v2\/types\/post"}],"author":[{"embeddable":true,"href":"http:\/\/noticiastelered.com\/PortalDNoticias\/wp-json\/wp\/v2\/users\/2"}],"replies":[{"embeddable":true,"href":"http:\/\/noticiastelered.com\/PortalDNoticias\/wp-json\/wp\/v2\/comments?post=64364"}],"version-history":[{"count":1,"href":"http:\/\/noticiastelered.com\/PortalDNoticias\/wp-json\/wp\/v2\/posts\/64364\/revisions"}],"predecessor-version":[{"id":64367,"href":"http:\/\/noticiastelered.com\/PortalDNoticias\/wp-json\/wp\/v2\/posts\/64364\/revisions\/64367"}],"wp:featuredmedia":[{"embeddable":true,"href":"http:\/\/noticiastelered.com\/PortalDNoticias\/wp-json\/wp\/v2\/media\/64366"}],"wp:attachment":[{"href":"http:\/\/noticiastelered.com\/PortalDNoticias\/wp-json\/wp\/v2\/media?parent=64364"}],"wp:term":[{"taxonomy":"category","embeddable":true,"href":"http:\/\/noticiastelered.com\/PortalDNoticias\/wp-json\/wp\/v2\/categories?post=64364"},{"taxonomy":"post_tag","embeddable":true,"href":"http:\/\/noticiastelered.com\/PortalDNoticias\/wp-json\/wp\/v2\/tags?post=64364"}],"curies":[{"name":"wp","href":"https:\/\/api.w.org\/{rel}","templated":true}]}}