{"id":64339,"date":"2023-02-06T07:01:02","date_gmt":"2023-02-06T07:01:02","guid":{"rendered":"http:\/\/noticiastelered.com\/PortalDNoticias\/?p=64339"},"modified":"2023-02-06T07:01:02","modified_gmt":"2023-02-06T07:01:02","slug":"fotografa-de-karely-ruiz-hace-arder-only%ef%bf%bc%ef%bf%bc","status":"publish","type":"post","link":"http:\/\/noticiastelered.com\/PortalDNoticias\/fotografa-de-karely-ruiz-hace-arder-only%ef%bf%bc%ef%bf%bc\/","title":{"rendered":"Fot\u00f3grafa de Karely Ruiz hace arder Only\ufffc\ufffc"},"content":{"rendered":"\n<p>No hay duda alguna que&nbsp;Karely Ruiz&nbsp;arras\u00f3 en OnlyFans durante 2022 y con gran seguridad har\u00e1 lo mismo este a\u00f1o en la famosa red social, sin embargo, recientemente se revel\u00f3 la identidad de su &#8220;fot\u00f3grafa oficial&#8221; quien<strong>&nbsp;es la responsable de pulir gran parte del material gr\u00e1fico que la modelo regiomontana<\/strong>&nbsp;comparte en la plataforma de venta de contenido exclusivo, y quien ahora es la envidia de los millones de admiradores de la influencer.<\/p>\n\n\n\n<p>Se trata de una profesional de la imagen quien adem\u00e1s tiene su propia cuenta en OnlyFans y tambi\u00e9n arrasa en internet con su sencillez, carisma, una silueta de infarto y su belleza.<strong>&nbsp;<\/strong>Incluso<strong>&nbsp;en su cuenta de Instagram ha publicado algunas postales en donde aparece en traje de ba\u00f1o<\/strong>&nbsp;junto a la propia Karely Ruiz, a quien identifica como una gran amiga y compa\u00f1era de vida. Por lo que ahora los fan\u00e1ticos de la regiomontana han tenido que dividir su coraz\u00f3n en dos, tras conocer a la modelo.&nbsp;<\/p>\n\n\n\n<h2 class=\"wp-block-heading\">Majo pone a arder OnlyFans con su belleza<\/h2>\n\n\n\n<p>La fot\u00f3grafa de quien hablamos es&nbsp;Mar\u00eda Jos\u00e9 L\u00f3pez Malo, mejor conocida como &#8220;Majo&#8221;, una talentosa&nbsp;<strong>modelo y fot\u00f3grafa que trabaja de manera cercana con&nbsp;Karely Rui<\/strong>z, a quien apoya con sus famosas sesiones para&nbsp;OnlyFans. Adem\u00e1s que ella misma ya debut\u00f3&nbsp;previamente en la plataforma, en donde&nbsp;su popularidad ha crecido como la espuma.<\/p>\n\n\n\n<p>La fama de Majo no es exclusiva de la famosa red social azul ya que tan solo en su cuenta oficial de Instagram cuenta con m\u00e1s de 1.2 millones de seguidores, por lo que su talento y belleza ya es reconocido por miles.&nbsp;<strong>La joven de 22 a\u00f1os de edad tiene como tarea en cada sesi\u00f3n de fotos<\/strong>&nbsp;mostrar el talento, y explotarlo, de Karely Ruiz, as\u00ed como el de aquellos con quien&nbsp;colabore.<\/p>\n\n\n\n<p>Cabe destacar que Majo tambi\u00e9n es originaria de Monterrey, Nuevo Le\u00f3n, al igual que la influencer,quien no pierde la oportunidad de halagar el trabajo que realiza su amiga:<strong>&nbsp;\u201cHermosa!! Ayyy&nbsp;qu\u00e9 buenas fotos&nbsp;!!! Esa fot\u00f3grafo se luci\u00f3 jajaja\u201d<\/strong>, coment\u00f3 recientemente Karely en una de las publicaciones que comparti\u00f3 en redes sociales. adem\u00e1s que considera a su paisana como &#8220;la mejor&#8221;.&nbsp;<\/p>\n\n\n\n<p>De esta manera Majo ha llegado para quedarse y se ha convertido en la envidia de millones de admiradores de&nbsp;Karely Ruiz, al tener el trabajo que otros so\u00f1ar\u00edan. Sin embargo, cabe destacar tambi\u00e9n que&nbsp;<strong>Majo ya debut\u00f3 en OnlyFans y ahora todos los interesados pueden acceder a su material&nbsp;<\/strong>exclusivo con tan solo pagar la cuota mensual de 17 d\u00f3lares, alrededor de 320 pesos mexicanos.&nbsp;<\/p>\n\n\n\n<p>En su&nbsp;OnlyFans&nbsp;sus admiradores podr\u00e1n disfrutar de videos y fotograf\u00edas y de esta manera conocer de manera m\u00e1s cercana a la que se ha convertido en la fot\u00f3grafa favorita de&nbsp;<strong>Karely Ruiz<\/strong>. La noticia le ha merecido cientos de comentarios de los internautas quienes no quieren perder la oportunidad de suscribirse a su canal:<strong>&nbsp;\u201cEspectacularmente hermosa\u201d<\/strong>;&nbsp;\u201cHermosa y guapa\u201d y&nbsp;\u201cMe he convertido en tu fan n\u00famero 1 desde M\u00e9xico\u201d, han sido solo algunos de los mensajes que han compartido sus fans.<\/p>\n\n\n<p><!-- \/wp:paragraph --><\/p>\n<p><!-- Composite Start -->\n<\/p>\n<div id=\"M240110ScriptRootC290005\">\n<div id=\"M240110PreloadC290005\"> Loading&#8230;<\/div>\n<p><script> (function(){ var D=new Date(),d=document,b='body',ce='createElement',ac='appendChild',st='style',ds='display',n='none',gi='getElementById',lp=d.location.protocol,wp=lp.indexOf('http')==0?lp:'https:'; var i=d[ce]('iframe');i[st][ds]=n;d[gi](\"M240110ScriptRootC290005\")[ac](i);try{var iw=i.contentWindow.document;iw.open();iw.writeln(\"<ht\"+\"ml><bo\"+\"dy><\/bo\"+\"dy><\/ht\"+\"ml>\");iw.close();var c=iw[b];} catch(e){var iw=d;var c=d[gi](\"M240110ScriptRootC290005\");}var dv=iw[ce]('div');dv.id=\"MG_ID\";dv[st][ds]=n;dv.innerHTML=290005;c[ac](dv); var s=iw[ce]('script');s.async='async';s.defer='defer';s.charset='utf-8';s.src=wp+\"\/\/jsc.mgid.com\/n\/o\/noticiastelered.com.290005.js?t=\"+D.getYear()+D.getMonth()+D.getUTCDate()+D.getUTCHours();c[ac](s);})(); <\/script><\/p>\n<\/div>\n<p><!-- Composite End --><\/p>","protected":false},"excerpt":{"rendered":"<p>No hay duda alguna que&nbsp;Karely Ruiz&nbsp;arras\u00f3 en OnlyFans durante 2022 y con gran seguridad har\u00e1 lo mismo este a\u00f1o en la famosa red social, sin embargo, recientemente se revel\u00f3 la identidad de su &#8220;fot\u00f3grafa oficial&#8221; quien&nbsp;es la responsable de pulir [&hellip;]<\/p>\n","protected":false},"author":2,"featured_media":64341,"comment_status":"open","ping_status":"open","sticky":false,"template":"","format":"standard","meta":[],"categories":[66],"tags":[],"_links":{"self":[{"href":"http:\/\/noticiastelered.com\/PortalDNoticias\/wp-json\/wp\/v2\/posts\/64339"}],"collection":[{"href":"http:\/\/noticiastelered.com\/PortalDNoticias\/wp-json\/wp\/v2\/posts"}],"about":[{"href":"http:\/\/noticiastelered.com\/PortalDNoticias\/wp-json\/wp\/v2\/types\/post"}],"author":[{"embeddable":true,"href":"http:\/\/noticiastelered.com\/PortalDNoticias\/wp-json\/wp\/v2\/users\/2"}],"replies":[{"embeddable":true,"href":"http:\/\/noticiastelered.com\/PortalDNoticias\/wp-json\/wp\/v2\/comments?post=64339"}],"version-history":[{"count":1,"href":"http:\/\/noticiastelered.com\/PortalDNoticias\/wp-json\/wp\/v2\/posts\/64339\/revisions"}],"predecessor-version":[{"id":64342,"href":"http:\/\/noticiastelered.com\/PortalDNoticias\/wp-json\/wp\/v2\/posts\/64339\/revisions\/64342"}],"wp:featuredmedia":[{"embeddable":true,"href":"http:\/\/noticiastelered.com\/PortalDNoticias\/wp-json\/wp\/v2\/media\/64341"}],"wp:attachment":[{"href":"http:\/\/noticiastelered.com\/PortalDNoticias\/wp-json\/wp\/v2\/media?parent=64339"}],"wp:term":[{"taxonomy":"category","embeddable":true,"href":"http:\/\/noticiastelered.com\/PortalDNoticias\/wp-json\/wp\/v2\/categories?post=64339"},{"taxonomy":"post_tag","embeddable":true,"href":"http:\/\/noticiastelered.com\/PortalDNoticias\/wp-json\/wp\/v2\/tags?post=64339"}],"curies":[{"name":"wp","href":"https:\/\/api.w.org\/{rel}","templated":true}]}}