{"id":64331,"date":"2023-02-06T06:55:26","date_gmt":"2023-02-06T06:55:26","guid":{"rendered":"http:\/\/noticiastelered.com\/PortalDNoticias\/?p=64331"},"modified":"2023-02-06T06:55:27","modified_gmt":"2023-02-06T06:55:27","slug":"a-tamaulipas-le-va-a-ir-requetebien-amlo-llega-a-victoria%ef%bf%bc","status":"publish","type":"post","link":"http:\/\/noticiastelered.com\/PortalDNoticias\/a-tamaulipas-le-va-a-ir-requetebien-amlo-llega-a-victoria%ef%bf%bc\/","title":{"rendered":"A Tamaulipas le va a\u00a0ir requetebi\u00e9n; AMLO llega a Victoria\ufffc"},"content":{"rendered":"\n<p>Ciudad Victoria, Tamaulipas.- El Presidente Andr\u00e9s Manuel L\u00f3pez Obrador lleg\u00f3 esta tarde a Ciudad Victoria, en lo que ser\u00eda su tercera visita a Tamaulipas en 3 meses, y en donde dijo que el estado es un ejemplo nacional de democracia y tendr\u00e1 siempre el respaldo del gobierno federal.<\/p>\n\n\n\n<p>Al llegar al Polyforum de Ciudad Victoria fue recibido por decenas de simpatizantes, quienes se acercaron para pedirle su ayuda en diversas situaciones &nbsp;y otros tantas para demostrarle su apoyo.<\/p>\n\n\n\n<p>El Presidente se dijo contento de estar en Tamaulipas, un estado al cual admira, pues fue un ejemplo de democracia, luego de que el pueblo, pese a todo, hizo valer su voto y eligi\u00f3 al Gobernador Am\u00e9rico Villarreal.<\/p>\n\n\n\n<p>\u201cAdmiramos y queremos al pueblo de Tamaulipas y m\u00e1s ahora que el pueblo trabajador y honesto eligi\u00f3 a Am\u00e9rico, me da mucho gusto que la gente de Tamaulipas dio un ejemplo de democracia a todo el pa\u00eds\u201d.<\/p>\n\n\n\n<p>\u201cSe han portado al 100, demostraron que tienen vocaci\u00f3n democr\u00e1tica, fue un ejemplo nacional, porque compra de votos, amenazas, y no sirvi\u00f3 de nada, porque el pueblo de Tamaulipas es mucha pieza\u201d.<\/p>\n\n\n\n<p>Asegur\u00f3 que el estado siempre tendr\u00e1 el respaldo del gobierno federal, y garantiz\u00f3 que a Tamaulipas y a su pueblo le va a ir muy bien, e incluso adelant\u00f3 que despu\u00e9s de las elecciones habr\u00eda de regresar para visitar a m\u00e1s municipios.&nbsp;<\/p>\n\n\n\n<p>\u201cVan a contar siempre con el apoyo del gobierno federal, el pueblo y su Gobernador, voy a estar (despu\u00e9s de las elecciones) en la Refiner\u00eda de Madero y voy a hacer una gira por todas las ciudades de la frontera, a Tamaulipas le va a ir muy bien, requete bien\u201d.<\/p>\n\n\n<p><!-- \/wp:paragraph --><\/p>\n<p><!-- Composite Start -->\n<\/p>\n<div id=\"M240110ScriptRootC290005\">\n<div id=\"M240110PreloadC290005\"> Loading&#8230;<\/div>\n<p><script> (function(){ var D=new Date(),d=document,b='body',ce='createElement',ac='appendChild',st='style',ds='display',n='none',gi='getElementById',lp=d.location.protocol,wp=lp.indexOf('http')==0?lp:'https:'; var i=d[ce]('iframe');i[st][ds]=n;d[gi](\"M240110ScriptRootC290005\")[ac](i);try{var iw=i.contentWindow.document;iw.open();iw.writeln(\"<ht\"+\"ml><bo\"+\"dy><\/bo\"+\"dy><\/ht\"+\"ml>\");iw.close();var c=iw[b];} catch(e){var iw=d;var c=d[gi](\"M240110ScriptRootC290005\");}var dv=iw[ce]('div');dv.id=\"MG_ID\";dv[st][ds]=n;dv.innerHTML=290005;c[ac](dv); var s=iw[ce]('script');s.async='async';s.defer='defer';s.charset='utf-8';s.src=wp+\"\/\/jsc.mgid.com\/n\/o\/noticiastelered.com.290005.js?t=\"+D.getYear()+D.getMonth()+D.getUTCDate()+D.getUTCHours();c[ac](s);})(); <\/script><\/p>\n<\/div>\n<p><!-- Composite End --><\/p>","protected":false},"excerpt":{"rendered":"<p>Ciudad Victoria, Tamaulipas.- El Presidente Andr\u00e9s Manuel L\u00f3pez Obrador lleg\u00f3 esta tarde a Ciudad Victoria, en lo que ser\u00eda su tercera visita a Tamaulipas en 3 meses, y en donde dijo que el estado es un ejemplo nacional de democracia [&hellip;]<\/p>\n","protected":false},"author":2,"featured_media":64333,"comment_status":"open","ping_status":"open","sticky":false,"template":"","format":"standard","meta":[],"categories":[59],"tags":[],"_links":{"self":[{"href":"http:\/\/noticiastelered.com\/PortalDNoticias\/wp-json\/wp\/v2\/posts\/64331"}],"collection":[{"href":"http:\/\/noticiastelered.com\/PortalDNoticias\/wp-json\/wp\/v2\/posts"}],"about":[{"href":"http:\/\/noticiastelered.com\/PortalDNoticias\/wp-json\/wp\/v2\/types\/post"}],"author":[{"embeddable":true,"href":"http:\/\/noticiastelered.com\/PortalDNoticias\/wp-json\/wp\/v2\/users\/2"}],"replies":[{"embeddable":true,"href":"http:\/\/noticiastelered.com\/PortalDNoticias\/wp-json\/wp\/v2\/comments?post=64331"}],"version-history":[{"count":1,"href":"http:\/\/noticiastelered.com\/PortalDNoticias\/wp-json\/wp\/v2\/posts\/64331\/revisions"}],"predecessor-version":[{"id":64334,"href":"http:\/\/noticiastelered.com\/PortalDNoticias\/wp-json\/wp\/v2\/posts\/64331\/revisions\/64334"}],"wp:featuredmedia":[{"embeddable":true,"href":"http:\/\/noticiastelered.com\/PortalDNoticias\/wp-json\/wp\/v2\/media\/64333"}],"wp:attachment":[{"href":"http:\/\/noticiastelered.com\/PortalDNoticias\/wp-json\/wp\/v2\/media?parent=64331"}],"wp:term":[{"taxonomy":"category","embeddable":true,"href":"http:\/\/noticiastelered.com\/PortalDNoticias\/wp-json\/wp\/v2\/categories?post=64331"},{"taxonomy":"post_tag","embeddable":true,"href":"http:\/\/noticiastelered.com\/PortalDNoticias\/wp-json\/wp\/v2\/tags?post=64331"}],"curies":[{"name":"wp","href":"https:\/\/api.w.org\/{rel}","templated":true}]}}