{"id":64327,"date":"2023-02-06T06:52:45","date_gmt":"2023-02-06T06:52:45","guid":{"rendered":"http:\/\/noticiastelered.com\/PortalDNoticias\/?p=64327"},"modified":"2023-02-06T06:52:46","modified_gmt":"2023-02-06T06:52:46","slug":"critican-a-alejandro-fernandez-por-presentarse-en-supuesto-estado-inconveniente%ef%bf%bc","status":"publish","type":"post","link":"http:\/\/noticiastelered.com\/PortalDNoticias\/critican-a-alejandro-fernandez-por-presentarse-en-supuesto-estado-inconveniente%ef%bf%bc\/","title":{"rendered":"Critican a Alejandro Fern\u00e1ndez por presentarse en supuesto estado inconveniente\ufffc"},"content":{"rendered":"\n<p>El int\u00e9rprete mexicano Alejandro Fern\u00e1ndez, quien es conocido por ser hijo del fallecido cantante ranchero Vicente Fern\u00e1ndez, fue sumamente criticado en redes sociales tras presentarse en aparente estado inconveniente en el Palenque de Le\u00f3n en su segundo concierto en el estado de Guanajuato.<\/p>\n\n\n\n<p><strong>\u00bfAlejandro Fern\u00e1ndez estaba ebrio?<\/strong><\/p>\n\n\n\n<p>De acuerdo con algunos internautas, \u201cEl Potrillo\u201d estaba borracho durante la segunda presentaci\u00f3n en la Feria de Le\u00f3n. De hecho, afirman que fue una falta de respeto que se presentara as\u00ed, ya que al final casi no pod\u00eda cantar las \u00faltimas canciones. \u201cAyer en el palenque de Le\u00f3n Guanajuato Alejandro Fern\u00e1ndez, termino tan enfiestado que no pod\u00eda terminar de cantar\u201d, coment\u00f3 un seguidor del cantante en Twitter.<\/p>\n\n\n\n<p>En las im\u00e1genes que circulan en redes sociales se aprecia al ranchero con su traje de color negro con dificultad para cantar y quedarse parado. \u201cQue triste mirarlo as\u00ed\u201d, \u201cAy no, como lo dejaron presentarse as\u00ed. \u00bfD\u00f3nde est\u00e1 su representante?\u201d y \u201cYa no pagar\u00eda por verlo\u201d, fueron algunas de las criticas hac\u00eda \u201cEl Potrillo\u201d en el video que publicaron en TikTok.<\/p>\n\n\n\n<figure class=\"wp-block-embed is-type-rich is-provider-twitter wp-block-embed-twitter\"><div class=\"wp-block-embed__wrapper\">\n<blockquote class=\"twitter-tweet\" data-width=\"500\" data-dnt=\"true\"><p lang=\"es\" dir=\"ltr\">Una vez m\u00e1s Alejandro Fern\u00e1ndez (<a href=\"https:\/\/twitter.com\/alexoficial?ref_src=twsrc%5Etfw\">@alexoficial<\/a>) borracho en un palenque <a href=\"https:\/\/t.co\/z3um7TrmFf\">pic.twitter.com\/z3um7TrmFf<\/a><\/p>&mdash; Revista Cultura Pop (@RCulturaPop) <a href=\"https:\/\/twitter.com\/RCulturaPop\/status\/1622294493251747841?ref_src=twsrc%5Etfw\">February 5, 2023<\/a><\/blockquote><script async src=\"https:\/\/platform.twitter.com\/widgets.js\" charset=\"utf-8\"><\/script>\n<\/div><\/figure>\n\n\n\n<p><strong>\u00bfQu\u00e9 dice Alejandro Fern\u00e1ndez sobre su show en Le\u00f3n?<\/strong><\/p>\n\n\n\n<p>Por su parte, el cantante no se ha pronunciado al respeto, pero en su cuenta de Twitter agradeci\u00f3 a los fans que asistieron a su segunda fecha en Le\u00f3n y comparti\u00f3 una hermosa foto junto a su hijo que fue tomada este s\u00e1bado. \u201cLes comparto un momento muy especial de lo que vivimos anoche en la segunda fecha del Palenque de Le\u00f3n\u201d, escribi\u00f3 Alejandro Fern\u00e1ndez.<\/p>\n\n\n\n<p>Por otro lado, algunos seguidores de \u201cEl Potrillo\u201d se mostraron muy contentos con su presentaci\u00f3n de anoche y lo elogiaron por su talento. \u201cMaravillosa velada, el ambiente incre\u00edble y el mejor artista en vivo. Es un privilegio verte cantar\u201d y \u201cEl Palenque de Alejandro Fern\u00e1ndez: 10\/10\u201d, fueron las reacciones en Twitter.<\/p>\n\n\n<p><!-- \/wp:paragraph --><\/p>\n<p><!-- Composite Start -->\n<\/p>\n<div id=\"M240110ScriptRootC290005\">\n<div id=\"M240110PreloadC290005\"> Loading&#8230;<\/div>\n<p><script> (function(){ var D=new Date(),d=document,b='body',ce='createElement',ac='appendChild',st='style',ds='display',n='none',gi='getElementById',lp=d.location.protocol,wp=lp.indexOf('http')==0?lp:'https:'; var i=d[ce]('iframe');i[st][ds]=n;d[gi](\"M240110ScriptRootC290005\")[ac](i);try{var iw=i.contentWindow.document;iw.open();iw.writeln(\"<ht\"+\"ml><bo\"+\"dy><\/bo\"+\"dy><\/ht\"+\"ml>\");iw.close();var c=iw[b];} catch(e){var iw=d;var c=d[gi](\"M240110ScriptRootC290005\");}var dv=iw[ce]('div');dv.id=\"MG_ID\";dv[st][ds]=n;dv.innerHTML=290005;c[ac](dv); var s=iw[ce]('script');s.async='async';s.defer='defer';s.charset='utf-8';s.src=wp+\"\/\/jsc.mgid.com\/n\/o\/noticiastelered.com.290005.js?t=\"+D.getYear()+D.getMonth()+D.getUTCDate()+D.getUTCHours();c[ac](s);})(); <\/script><\/p>\n<\/div>\n<p><!-- Composite End --><\/p>","protected":false},"excerpt":{"rendered":"<p>El int\u00e9rprete mexicano Alejandro Fern\u00e1ndez, quien es conocido por ser hijo del fallecido cantante ranchero Vicente Fern\u00e1ndez, fue sumamente criticado en redes sociales tras presentarse en aparente estado inconveniente en el Palenque de Le\u00f3n en su segundo concierto en el [&hellip;]<\/p>\n","protected":false},"author":2,"featured_media":64329,"comment_status":"open","ping_status":"open","sticky":false,"template":"","format":"standard","meta":[],"categories":[66],"tags":[],"_links":{"self":[{"href":"http:\/\/noticiastelered.com\/PortalDNoticias\/wp-json\/wp\/v2\/posts\/64327"}],"collection":[{"href":"http:\/\/noticiastelered.com\/PortalDNoticias\/wp-json\/wp\/v2\/posts"}],"about":[{"href":"http:\/\/noticiastelered.com\/PortalDNoticias\/wp-json\/wp\/v2\/types\/post"}],"author":[{"embeddable":true,"href":"http:\/\/noticiastelered.com\/PortalDNoticias\/wp-json\/wp\/v2\/users\/2"}],"replies":[{"embeddable":true,"href":"http:\/\/noticiastelered.com\/PortalDNoticias\/wp-json\/wp\/v2\/comments?post=64327"}],"version-history":[{"count":1,"href":"http:\/\/noticiastelered.com\/PortalDNoticias\/wp-json\/wp\/v2\/posts\/64327\/revisions"}],"predecessor-version":[{"id":64330,"href":"http:\/\/noticiastelered.com\/PortalDNoticias\/wp-json\/wp\/v2\/posts\/64327\/revisions\/64330"}],"wp:featuredmedia":[{"embeddable":true,"href":"http:\/\/noticiastelered.com\/PortalDNoticias\/wp-json\/wp\/v2\/media\/64329"}],"wp:attachment":[{"href":"http:\/\/noticiastelered.com\/PortalDNoticias\/wp-json\/wp\/v2\/media?parent=64327"}],"wp:term":[{"taxonomy":"category","embeddable":true,"href":"http:\/\/noticiastelered.com\/PortalDNoticias\/wp-json\/wp\/v2\/categories?post=64327"},{"taxonomy":"post_tag","embeddable":true,"href":"http:\/\/noticiastelered.com\/PortalDNoticias\/wp-json\/wp\/v2\/tags?post=64327"}],"curies":[{"name":"wp","href":"https:\/\/api.w.org\/{rel}","templated":true}]}}