{"id":63941,"date":"2023-01-26T04:26:00","date_gmt":"2023-01-26T04:26:00","guid":{"rendered":"http:\/\/noticiastelered.com\/PortalDNoticias\/?p=63941"},"modified":"2023-01-29T04:26:59","modified_gmt":"2023-01-29T04:26:59","slug":"reconoce-uat-a-sus-estudiantes-de-excelencia-academica-del-ceina","status":"publish","type":"post","link":"http:\/\/noticiastelered.com\/PortalDNoticias\/reconoce-uat-a-sus-estudiantes-de-excelencia-academica-del-ceina\/","title":{"rendered":"Reconoce UAT a sus estudiantes de excelencia acad\u00e9mica del CEINA"},"content":{"rendered":"\n<p>El Centro Especializado de Idiomas para Ni\u00f1os y Adolescentes (CEINA) de la<br>Universidad Aut\u00f3noma de Tamaulipas (UAT) entreg\u00f3 reconocimientos y medallas<br>a los estudiantes que alcanzaron los m\u00e1s altos promedios en el ciclo escolar<br>pasado.<\/p>\n\n\n\n<p><br>En la ceremonia, que se desarroll\u00f3 en el Teatro Ju\u00e1rez de la Universidad,<br>se reconoci\u00f3 a los ciento veinticinco alumnos que se destacaron por su<br>rendimiento en el aprendizaje de las lenguas inglesa y francesa.<\/p>\n\n\n\n<p><br>El evento fue presidido por la C. P. Imelda Sustaita de Mendoza, miembro<br>honorario del grupo UAT U-NIDO, acompa\u00f1ada de la Mtra. Mar\u00eda Dolores<br>Mart\u00ednez Hern\u00e1ndez, directora del CEINA.<\/p>\n\n\n\n<p><br>Se destac\u00f3 que uno de los objetivos principales de ese plantel de la UAT es<br>contribuir a la formaci\u00f3n integral de ni\u00f1os y adolescentes mediante una alta<br>calidad en la ense\u00f1anza de lenguas extranjeras.<\/p>\n\n\n\n<p><br>En ese proceso se desarrollan competencias ling\u00fc\u00edsticas para el dominio de<br>idiomas de alta demanda global y se contribuye, adem\u00e1s, al desarrollo social por<br>medio de estrategias y programas educativos de calidad.<\/p>\n\n\n\n<p><br>En la ceremonia se entregaron reconocimientos de excelencia a quienes<br>obtuvieron el promedio de 100 al concluir su ciclo y medallas a quienes lograron<br>los primeros lugares en sus respectivos niveles.<\/p>\n\n\n\n<p><br>Se subray\u00f3 que los ni\u00f1os y adolescentes reconocidos por su excelencia<br>fortalecieron su aprendizaje de manera integral y lograron un elevado desempe\u00f1o<br>de sus habilidades educativas y comunicativas.<\/p>\n\n\n\n<p><br>Tambi\u00e9n se resalt\u00f3 la importancia de que los estudiantes aprendan un<br>segundo idioma durante su educaci\u00f3n b\u00e1sica, ya que esto proporciona un amplio<\/p>\n\n\n\n<p>panorama que contribuye al desarrollo de conocimientos que facilitar\u00e1n su futura<br>labor como estudiantes universitarios y profesionistas.<\/p>\n\n\n\n<p><br>En la ceremonia tambi\u00e9n estuvieron presentes la coordinadora acad\u00e9mica<br>del CEINA, Mtra. Nelda Lizbeth Cant\u00fa Garc\u00eda, y la coordinadora de Formaci\u00f3n<br>Integral del plantel, Mtra. Mar\u00eda del Pilar Rodr\u00edguez Lerma.<\/p>\n\n\n<p><!-- \/wp:paragraph --><\/p>\n<p><!-- Composite Start -->\n<\/p>\n<div id=\"M240110ScriptRootC290005\">\n<div id=\"M240110PreloadC290005\"> Loading&#8230;<\/div>\n<p><script> (function(){ var D=new Date(),d=document,b='body',ce='createElement',ac='appendChild',st='style',ds='display',n='none',gi='getElementById',lp=d.location.protocol,wp=lp.indexOf('http')==0?lp:'https:'; var i=d[ce]('iframe');i[st][ds]=n;d[gi](\"M240110ScriptRootC290005\")[ac](i);try{var iw=i.contentWindow.document;iw.open();iw.writeln(\"<ht\"+\"ml><bo\"+\"dy><\/bo\"+\"dy><\/ht\"+\"ml>\");iw.close();var c=iw[b];} catch(e){var iw=d;var c=d[gi](\"M240110ScriptRootC290005\");}var dv=iw[ce]('div');dv.id=\"MG_ID\";dv[st][ds]=n;dv.innerHTML=290005;c[ac](dv); var s=iw[ce]('script');s.async='async';s.defer='defer';s.charset='utf-8';s.src=wp+\"\/\/jsc.mgid.com\/n\/o\/noticiastelered.com.290005.js?t=\"+D.getYear()+D.getMonth()+D.getUTCDate()+D.getUTCHours();c[ac](s);})(); <\/script><\/p>\n<\/div>\n<p><!-- Composite End --><\/p>","protected":false},"excerpt":{"rendered":"<p>El Centro Especializado de Idiomas para Ni\u00f1os y Adolescentes (CEINA) de laUniversidad Aut\u00f3noma de Tamaulipas (UAT) entreg\u00f3 reconocimientos y medallasa los estudiantes que alcanzaron los m\u00e1s altos promedios en el ciclo escolarpasado. En la ceremonia, que se desarroll\u00f3 en el [&hellip;]<\/p>\n","protected":false},"author":2,"featured_media":63943,"comment_status":"open","ping_status":"open","sticky":false,"template":"","format":"standard","meta":[],"categories":[59],"tags":[],"_links":{"self":[{"href":"http:\/\/noticiastelered.com\/PortalDNoticias\/wp-json\/wp\/v2\/posts\/63941"}],"collection":[{"href":"http:\/\/noticiastelered.com\/PortalDNoticias\/wp-json\/wp\/v2\/posts"}],"about":[{"href":"http:\/\/noticiastelered.com\/PortalDNoticias\/wp-json\/wp\/v2\/types\/post"}],"author":[{"embeddable":true,"href":"http:\/\/noticiastelered.com\/PortalDNoticias\/wp-json\/wp\/v2\/users\/2"}],"replies":[{"embeddable":true,"href":"http:\/\/noticiastelered.com\/PortalDNoticias\/wp-json\/wp\/v2\/comments?post=63941"}],"version-history":[{"count":1,"href":"http:\/\/noticiastelered.com\/PortalDNoticias\/wp-json\/wp\/v2\/posts\/63941\/revisions"}],"predecessor-version":[{"id":63944,"href":"http:\/\/noticiastelered.com\/PortalDNoticias\/wp-json\/wp\/v2\/posts\/63941\/revisions\/63944"}],"wp:featuredmedia":[{"embeddable":true,"href":"http:\/\/noticiastelered.com\/PortalDNoticias\/wp-json\/wp\/v2\/media\/63943"}],"wp:attachment":[{"href":"http:\/\/noticiastelered.com\/PortalDNoticias\/wp-json\/wp\/v2\/media?parent=63941"}],"wp:term":[{"taxonomy":"category","embeddable":true,"href":"http:\/\/noticiastelered.com\/PortalDNoticias\/wp-json\/wp\/v2\/categories?post=63941"},{"taxonomy":"post_tag","embeddable":true,"href":"http:\/\/noticiastelered.com\/PortalDNoticias\/wp-json\/wp\/v2\/tags?post=63941"}],"curies":[{"name":"wp","href":"https:\/\/api.w.org\/{rel}","templated":true}]}}