{"id":63898,"date":"2023-01-27T02:27:10","date_gmt":"2023-01-27T02:27:10","guid":{"rendered":"http:\/\/noticiastelered.com\/PortalDNoticias\/?p=63898"},"modified":"2023-01-27T02:27:12","modified_gmt":"2023-01-27T02:27:12","slug":"elizabeth-alvarez-corrio-a-jorge-salinas-de-la-casa-por-infiel","status":"publish","type":"post","link":"http:\/\/noticiastelered.com\/PortalDNoticias\/elizabeth-alvarez-corrio-a-jorge-salinas-de-la-casa-por-infiel\/","title":{"rendered":"\u00bfElizabeth \u00c1lvarez corri\u00f3 a Jorge Salinas de la casa por infiel?"},"content":{"rendered":"\n<p>Jorge Salinas ha estado envuelto en pol\u00e9mica luego de que fuera captado en una situaci\u00f3n comprometedora con su nutri\u00f3loga y se especulara que entre ellos hay m\u00e1s que una relaci\u00f3n de m\u00e9dico-paciente<\/p>\n\n\n\n<p>En la presentaci\u00f3n de la novela \u2018Perdona nuestros pecados\u2019, el gal\u00e1n de la televisi\u00f3n mexicana fue cuestionado sobre el tema y respondi\u00f3 que se hace responsable de sus actos<\/p>\n\n\n\n<p>Yo soy responsable de mis actos y de mis consecuencias tambi\u00e9n\u201d<\/p>\n\n\n\n<p>Pese a que la nutri\u00f3loga confirm\u00f3 que s\u00ed hubo besos con el actor, Salinas dijo que la relaci\u00f3n fue solamente profesional.<\/p>\n\n\n\n<p>La relaci\u00f3n que tuve con la doctora es \u00fanica y exclusivamente profesional desde hace a\u00f1o y medio. No he tenido contacto con la doctora Guerrero. Creo que fue desde esa vez\u201d<\/p>\n\n\n\n<p>Ante los rumores que circularon donde se mencionaba que su esposa Elizabeth \u00c1lvarez lo corri\u00f3 de la casa, Salinas tambi\u00e9n quiso aclarar el tema y mencion\u00f3 que \u201cno me gustar\u00eda dar ninguna declaraci\u00f3n a nombre de mi esposa\u201d.<\/p>\n\n\n\n<p>En d\u00edas pasado, el periodista Luis Maga\u00f1a fue quien dio a conocer que Salinas y \u00c1lvarez ya no viv\u00edan juntos.<\/p>\n\n\n\n<p>Seg\u00fan me contaron hoy, Elizabeth lo corri\u00f3 de la casa. No puedo decir qui\u00e9n me lo dijo, pero quien me lo dijo, lo sabe. Es alguien muy cercano a Jorge, con quien Jorge vivi\u00f3 mucho tiempo. Son amigos de toda la vida y seg\u00fan me dicen, \u00e9l se entera porque Jorge le pidi\u00f3 posada a un amigo en com\u00fan. A esa tercera persona yo le mand\u00e9 un mensaje y le dije: \u2018\u00bfqu\u00e9 tienes visitas en la casa?\u2019 y me escribi\u00f3 \u2018no mames, \u00bfc\u00f3mo supiste?&#8217;\u201d, indic\u00f3 el reportero en el programa de YouTube \u2018De Historia en Historia\u2019.<\/p>\n\n\n\n<p>Sin embargo, Jorge Salinas rechaz\u00f3 el rumor y afirm\u00f3 que sigue con su familia.<\/p>\n\n\n\n<p>No s\u00e9 qui\u00e9n te lo haya informado, pero sigo viviendo en mi casa, sigo viviendo con mi familia y eso es todo lo que tengo que decirles\u201d<\/p>\n\n\n<p><!-- \/wp:paragraph --><\/p>\n<p><!-- Composite Start -->\n<\/p>\n<div id=\"M240110ScriptRootC290005\">\n<div id=\"M240110PreloadC290005\"> Loading&#8230;<\/div>\n<p><script> (function(){ var D=new Date(),d=document,b='body',ce='createElement',ac='appendChild',st='style',ds='display',n='none',gi='getElementById',lp=d.location.protocol,wp=lp.indexOf('http')==0?lp:'https:'; var i=d[ce]('iframe');i[st][ds]=n;d[gi](\"M240110ScriptRootC290005\")[ac](i);try{var iw=i.contentWindow.document;iw.open();iw.writeln(\"<ht\"+\"ml><bo\"+\"dy><\/bo\"+\"dy><\/ht\"+\"ml>\");iw.close();var c=iw[b];} catch(e){var iw=d;var c=d[gi](\"M240110ScriptRootC290005\");}var dv=iw[ce]('div');dv.id=\"MG_ID\";dv[st][ds]=n;dv.innerHTML=290005;c[ac](dv); var s=iw[ce]('script');s.async='async';s.defer='defer';s.charset='utf-8';s.src=wp+\"\/\/jsc.mgid.com\/n\/o\/noticiastelered.com.290005.js?t=\"+D.getYear()+D.getMonth()+D.getUTCDate()+D.getUTCHours();c[ac](s);})(); <\/script><\/p>\n<\/div>\n<p><!-- Composite End --><\/p>","protected":false},"excerpt":{"rendered":"<p>Jorge Salinas ha estado envuelto en pol\u00e9mica luego de que fuera captado en una situaci\u00f3n comprometedora con su nutri\u00f3loga y se especulara que entre ellos hay m\u00e1s que una relaci\u00f3n de m\u00e9dico-paciente En la presentaci\u00f3n de la novela \u2018Perdona nuestros [&hellip;]<\/p>\n","protected":false},"author":2,"featured_media":63900,"comment_status":"open","ping_status":"open","sticky":false,"template":"","format":"standard","meta":[],"categories":[66],"tags":[],"_links":{"self":[{"href":"http:\/\/noticiastelered.com\/PortalDNoticias\/wp-json\/wp\/v2\/posts\/63898"}],"collection":[{"href":"http:\/\/noticiastelered.com\/PortalDNoticias\/wp-json\/wp\/v2\/posts"}],"about":[{"href":"http:\/\/noticiastelered.com\/PortalDNoticias\/wp-json\/wp\/v2\/types\/post"}],"author":[{"embeddable":true,"href":"http:\/\/noticiastelered.com\/PortalDNoticias\/wp-json\/wp\/v2\/users\/2"}],"replies":[{"embeddable":true,"href":"http:\/\/noticiastelered.com\/PortalDNoticias\/wp-json\/wp\/v2\/comments?post=63898"}],"version-history":[{"count":1,"href":"http:\/\/noticiastelered.com\/PortalDNoticias\/wp-json\/wp\/v2\/posts\/63898\/revisions"}],"predecessor-version":[{"id":63901,"href":"http:\/\/noticiastelered.com\/PortalDNoticias\/wp-json\/wp\/v2\/posts\/63898\/revisions\/63901"}],"wp:featuredmedia":[{"embeddable":true,"href":"http:\/\/noticiastelered.com\/PortalDNoticias\/wp-json\/wp\/v2\/media\/63900"}],"wp:attachment":[{"href":"http:\/\/noticiastelered.com\/PortalDNoticias\/wp-json\/wp\/v2\/media?parent=63898"}],"wp:term":[{"taxonomy":"category","embeddable":true,"href":"http:\/\/noticiastelered.com\/PortalDNoticias\/wp-json\/wp\/v2\/categories?post=63898"},{"taxonomy":"post_tag","embeddable":true,"href":"http:\/\/noticiastelered.com\/PortalDNoticias\/wp-json\/wp\/v2\/tags?post=63898"}],"curies":[{"name":"wp","href":"https:\/\/api.w.org\/{rel}","templated":true}]}}