{"id":63852,"date":"2023-01-26T04:49:15","date_gmt":"2023-01-26T04:49:15","guid":{"rendered":"http:\/\/noticiastelered.com\/PortalDNoticias\/?p=63852"},"modified":"2023-01-26T04:49:16","modified_gmt":"2023-01-26T04:49:16","slug":"ovidio-guzman-obtiene-suspension-definitiva-no-podra-ser-extraditado-a-eu","status":"publish","type":"post","link":"http:\/\/noticiastelered.com\/PortalDNoticias\/ovidio-guzman-obtiene-suspension-definitiva-no-podra-ser-extraditado-a-eu\/","title":{"rendered":"Ovidio Guzm\u00e1n obtiene suspensi\u00f3n definitiva; no podr\u00e1 ser extraditado a EU"},"content":{"rendered":"\n<p>Ovidio Guzm\u00e1n alias \u201cEl Rat\u00f3n\u201d, uno de los hijos del cofundador del C\u00e1rtel de Sinaloa, Joaqu\u00edn \u201cEl Chapo\u201d Guzm\u00e1n, logr\u00f3 que su abogados obtuvieran una suspensi\u00f3n definitiva en uno de los juicios donde el gobierno de Estados Unidos lo requer\u00eda para ser extraditado para iniciar un proceso en su contra por tr\u00e1fico de drogas, al ser se\u00f1alado como el l\u00edder de \u201cLos Menores\u201d, c\u00e9lula af\u00edn del C\u00e1rtel del Pac\u00edfico.<\/p>\n\n\n\n<p>En el Juzgado Quinto de Distrito en Materias de Amparo y Juicios Federales en el Estado de M\u00e9xico, se llev\u00f3 a cabo la resoluci\u00f3n donde se dict\u00f3 que el integrante de \u201cLos Chapitos\u201d no sea extraditado para que contin\u00fae con su proceso penal en M\u00e9xico al estar amparado y seguir preso en el penal federal del Altiplano en el Estado de M\u00e9xico.<\/p>\n\n\n\n<p>Esta suspensi\u00f3n es para que no sea extraditado, pero el juzgador explic\u00f3 que el proceso en la materia debe continuar.<\/p>\n\n\n\n<p>\u201cSe concede la suspensi\u00f3n definitiva, para el efecto de que el directo quejoso no sea extraditado y quede a disposici\u00f3n de este \u00f3rgano jurisdiccional de amparo, en lo que corresponde a su libertad personal, en el lugar en que se encuentra recluido y a disposici\u00f3n del juez responsable, sin perjuicio de que contin\u00fae el procedimiento de extradici\u00f3n que se le instruye\u201d, indic\u00f3 el impartidor de justicia.<\/p>\n\n\n<p><!-- \/wp:paragraph --><\/p>\n<p><!-- Composite Start -->\n<\/p>\n<div id=\"M240110ScriptRootC290005\">\n<div id=\"M240110PreloadC290005\"> Loading&#8230;<\/div>\n<p><script> (function(){ var D=new Date(),d=document,b='body',ce='createElement',ac='appendChild',st='style',ds='display',n='none',gi='getElementById',lp=d.location.protocol,wp=lp.indexOf('http')==0?lp:'https:'; var i=d[ce]('iframe');i[st][ds]=n;d[gi](\"M240110ScriptRootC290005\")[ac](i);try{var iw=i.contentWindow.document;iw.open();iw.writeln(\"<ht\"+\"ml><bo\"+\"dy><\/bo\"+\"dy><\/ht\"+\"ml>\");iw.close();var c=iw[b];} catch(e){var iw=d;var c=d[gi](\"M240110ScriptRootC290005\");}var dv=iw[ce]('div');dv.id=\"MG_ID\";dv[st][ds]=n;dv.innerHTML=290005;c[ac](dv); var s=iw[ce]('script');s.async='async';s.defer='defer';s.charset='utf-8';s.src=wp+\"\/\/jsc.mgid.com\/n\/o\/noticiastelered.com.290005.js?t=\"+D.getYear()+D.getMonth()+D.getUTCDate()+D.getUTCHours();c[ac](s);})(); <\/script><\/p>\n<\/div>\n<p><!-- Composite End --><\/p>","protected":false},"excerpt":{"rendered":"<p>Ovidio Guzm\u00e1n alias \u201cEl Rat\u00f3n\u201d, uno de los hijos del cofundador del C\u00e1rtel de Sinaloa, Joaqu\u00edn \u201cEl Chapo\u201d Guzm\u00e1n, logr\u00f3 que su abogados obtuvieran una suspensi\u00f3n definitiva en uno de los juicios donde el gobierno de Estados Unidos lo requer\u00eda [&hellip;]<\/p>\n","protected":false},"author":2,"featured_media":63854,"comment_status":"open","ping_status":"open","sticky":false,"template":"","format":"standard","meta":[],"categories":[60],"tags":[],"_links":{"self":[{"href":"http:\/\/noticiastelered.com\/PortalDNoticias\/wp-json\/wp\/v2\/posts\/63852"}],"collection":[{"href":"http:\/\/noticiastelered.com\/PortalDNoticias\/wp-json\/wp\/v2\/posts"}],"about":[{"href":"http:\/\/noticiastelered.com\/PortalDNoticias\/wp-json\/wp\/v2\/types\/post"}],"author":[{"embeddable":true,"href":"http:\/\/noticiastelered.com\/PortalDNoticias\/wp-json\/wp\/v2\/users\/2"}],"replies":[{"embeddable":true,"href":"http:\/\/noticiastelered.com\/PortalDNoticias\/wp-json\/wp\/v2\/comments?post=63852"}],"version-history":[{"count":1,"href":"http:\/\/noticiastelered.com\/PortalDNoticias\/wp-json\/wp\/v2\/posts\/63852\/revisions"}],"predecessor-version":[{"id":63855,"href":"http:\/\/noticiastelered.com\/PortalDNoticias\/wp-json\/wp\/v2\/posts\/63852\/revisions\/63855"}],"wp:featuredmedia":[{"embeddable":true,"href":"http:\/\/noticiastelered.com\/PortalDNoticias\/wp-json\/wp\/v2\/media\/63854"}],"wp:attachment":[{"href":"http:\/\/noticiastelered.com\/PortalDNoticias\/wp-json\/wp\/v2\/media?parent=63852"}],"wp:term":[{"taxonomy":"category","embeddable":true,"href":"http:\/\/noticiastelered.com\/PortalDNoticias\/wp-json\/wp\/v2\/categories?post=63852"},{"taxonomy":"post_tag","embeddable":true,"href":"http:\/\/noticiastelered.com\/PortalDNoticias\/wp-json\/wp\/v2\/tags?post=63852"}],"curies":[{"name":"wp","href":"https:\/\/api.w.org\/{rel}","templated":true}]}}