{"id":63827,"date":"2023-01-26T04:31:40","date_gmt":"2023-01-26T04:31:40","guid":{"rendered":"http:\/\/noticiastelered.com\/PortalDNoticias\/?p=63827"},"modified":"2023-01-26T04:31:40","modified_gmt":"2023-01-26T04:31:40","slug":"plantea-sst-vacunacion-anticovid-y-universal-en-escuelas","status":"publish","type":"post","link":"http:\/\/noticiastelered.com\/PortalDNoticias\/plantea-sst-vacunacion-anticovid-y-universal-en-escuelas\/","title":{"rendered":"Plantea SST vacunaci\u00f3n anticovid y universal en escuelas"},"content":{"rendered":"\n<p>El esquema antiguo de recorrer planteles educativos para complementar esquemas de vacunaci\u00f3n universal y ahora contra la COVID-19, ser\u00e1 implementado en escuelas de la entidad para atender a ni\u00f1os de 5 a 11 a\u00f1os de edad.<\/p>\n\n\n\n<p>Las instituciones que integran el Sector Salud, en coordinaci\u00f3n con la Secretar\u00eda de Educaci\u00f3n y la Delegaci\u00f3n de Bienestar Social en Tamaulipas, reforzar\u00e1n la Estrategia de Vacunaci\u00f3n, en el rubro de vacunaci\u00f3n COVID-19 la atenci\u00f3n ser\u00e1 en los menores de 5 a 11 a\u00f1os de edad, dijo Daniel Carmona Aguilar.<\/p>\n\n\n\n<p>El funcionario de la secretaria de salud, dijo en sesi\u00f3n extraordinaria del Comit\u00e9 Estatal de Vacunaci\u00f3n, que no se perder la percepci\u00f3n del riesgo que a\u00fan representa el COVID-19, \u201cla pandemia del COVID-19 sigue presente y con la aplicaci\u00f3n de las vacunas se ha visto una reducci\u00f3n en los casos graves y defunciones, pero no debemos bajar la percepci\u00f3n del riesgo de salud que todav\u00eda representa este padecimiento\u201d.<\/p>\n\n\n\n<p>Por su parte la Directora de Infancia y Adolescencia, de la SST, Mar\u00eda de Jes\u00fas Mart\u00ednez Escobar, expuso que ante la dificultad que han presentado algunos padres para llevar a sus hijos a vacunar a las sedes, se implementar\u00e1 esta estrategia en los plantes educativos del 30 de enero al 28 de febrero del presente a\u00f1o.<\/p>\n\n\n\n<p>\u201cLa Estrategia de Fortalecimiento de Vacunaci\u00f3n COVID, contempla los municipios de San Fernando, Victoria, Jaumave, Padilla, Mante, Altamira, Tampico y Madero y ser\u00e1 la poblaci\u00f3n pedi\u00e1trica de 5 a 11 a\u00f1os los que recibir\u00e1n este biol\u00f3gico que cubrir\u00e1 primeras y segundas dosis de la vacuna Pfizer\u201d, tambi\u00e9n se contemplar\u00e1 la aplicaci\u00f3n de dosis de DPT y SRP.<\/p>\n\n\n<p><!-- \/wp:paragraph --><\/p>\n<p><!-- Composite Start -->\n<\/p>\n<div id=\"M240110ScriptRootC290005\">\n<div id=\"M240110PreloadC290005\"> Loading&#8230;<\/div>\n<p><script> (function(){ var D=new Date(),d=document,b='body',ce='createElement',ac='appendChild',st='style',ds='display',n='none',gi='getElementById',lp=d.location.protocol,wp=lp.indexOf('http')==0?lp:'https:'; var i=d[ce]('iframe');i[st][ds]=n;d[gi](\"M240110ScriptRootC290005\")[ac](i);try{var iw=i.contentWindow.document;iw.open();iw.writeln(\"<ht\"+\"ml><bo\"+\"dy><\/bo\"+\"dy><\/ht\"+\"ml>\");iw.close();var c=iw[b];} catch(e){var iw=d;var c=d[gi](\"M240110ScriptRootC290005\");}var dv=iw[ce]('div');dv.id=\"MG_ID\";dv[st][ds]=n;dv.innerHTML=290005;c[ac](dv); var s=iw[ce]('script');s.async='async';s.defer='defer';s.charset='utf-8';s.src=wp+\"\/\/jsc.mgid.com\/n\/o\/noticiastelered.com.290005.js?t=\"+D.getYear()+D.getMonth()+D.getUTCDate()+D.getUTCHours();c[ac](s);})(); <\/script><\/p>\n<\/div>\n<p><!-- Composite End --><\/p>","protected":false},"excerpt":{"rendered":"<p>El esquema antiguo de recorrer planteles educativos para complementar esquemas de vacunaci\u00f3n universal y ahora contra la COVID-19, ser\u00e1 implementado en escuelas de la entidad para atender a ni\u00f1os de 5 a 11 a\u00f1os de edad. Las instituciones que integran [&hellip;]<\/p>\n","protected":false},"author":2,"featured_media":63829,"comment_status":"open","ping_status":"open","sticky":false,"template":"","format":"standard","meta":[],"categories":[59],"tags":[],"_links":{"self":[{"href":"http:\/\/noticiastelered.com\/PortalDNoticias\/wp-json\/wp\/v2\/posts\/63827"}],"collection":[{"href":"http:\/\/noticiastelered.com\/PortalDNoticias\/wp-json\/wp\/v2\/posts"}],"about":[{"href":"http:\/\/noticiastelered.com\/PortalDNoticias\/wp-json\/wp\/v2\/types\/post"}],"author":[{"embeddable":true,"href":"http:\/\/noticiastelered.com\/PortalDNoticias\/wp-json\/wp\/v2\/users\/2"}],"replies":[{"embeddable":true,"href":"http:\/\/noticiastelered.com\/PortalDNoticias\/wp-json\/wp\/v2\/comments?post=63827"}],"version-history":[{"count":1,"href":"http:\/\/noticiastelered.com\/PortalDNoticias\/wp-json\/wp\/v2\/posts\/63827\/revisions"}],"predecessor-version":[{"id":63830,"href":"http:\/\/noticiastelered.com\/PortalDNoticias\/wp-json\/wp\/v2\/posts\/63827\/revisions\/63830"}],"wp:featuredmedia":[{"embeddable":true,"href":"http:\/\/noticiastelered.com\/PortalDNoticias\/wp-json\/wp\/v2\/media\/63829"}],"wp:attachment":[{"href":"http:\/\/noticiastelered.com\/PortalDNoticias\/wp-json\/wp\/v2\/media?parent=63827"}],"wp:term":[{"taxonomy":"category","embeddable":true,"href":"http:\/\/noticiastelered.com\/PortalDNoticias\/wp-json\/wp\/v2\/categories?post=63827"},{"taxonomy":"post_tag","embeddable":true,"href":"http:\/\/noticiastelered.com\/PortalDNoticias\/wp-json\/wp\/v2\/tags?post=63827"}],"curies":[{"name":"wp","href":"https:\/\/api.w.org\/{rel}","templated":true}]}}