{"id":63823,"date":"2023-01-25T22:40:31","date_gmt":"2023-01-25T22:40:31","guid":{"rendered":"http:\/\/noticiastelered.com\/PortalDNoticias\/?p=63823"},"modified":"2023-01-25T22:40:32","modified_gmt":"2023-01-25T22:40:32","slug":"anuncia-amlo-visita-a-nuevo-laredo-para-el-4-de-febrero","status":"publish","type":"post","link":"http:\/\/noticiastelered.com\/PortalDNoticias\/anuncia-amlo-visita-a-nuevo-laredo-para-el-4-de-febrero\/","title":{"rendered":"ANUNCIA AMLO VISITA A NUEVO LAREDO PARA EL 4 DE FEBRERO"},"content":{"rendered":"\n<p>El presidente de la Rep\u00fablica, Andr\u00e9s Manuel L\u00f3pez Obrador, confirm\u00f3 la visita a Nuevo Laredo para el 4 de febrero a fin de dar los \u00faltimo toques para la instalaci\u00f3n de las oficinas de las Agencia Nacional de Aduanas de M\u00e9xico (ANAM) y otros proyectos que reforzar\u00e1n el liderazgo de esta frontera en el comercio internacional.<\/p>\n\n\n\n<p>Se estima que la ubicaci\u00f3n de las oficinas centrales de la ANAM, ser\u00e1 el detonador comercial y econ\u00f3mico en la Aduana m\u00e1s importante de M\u00e9xico, que el a\u00f1o pasado, de enero a noviembre, lider\u00f3 la recaudaci\u00f3n con 150 mil 058 millones de pesos, lo que equivale al 15.14 por ciento del total de 991 mil 342 millones.<\/p>\n\n\n\n<p>La regi\u00f3n de ambos Laredos es considerada la de mayor dinamismo en el comercio exterior y se comprueba con el hecho de que por este punto se realiz\u00f3 un total de 19 millones 5 mil 121 operaciones de tr\u00e1fico comercial, lo que representa un 4 por ciento de incremento con relaci\u00f3n al a\u00f1o anterior.<\/p>\n\n\n\n<p>Y en este contexto, Nuevo Laredo vuelve a destacar en el sitio de honor con un total de 4 millones 624 mil 711 operaciones, lo que equivale al 24 por ciento del total nacional.<\/p>\n\n\n\n<p>Con proyectos necesarios y urgentes, tanto el Gobierno Federal, como el estatal encabezado por Am\u00e9rico Villarreal, han impulsado obras para agilizar y ampliar el comercio internacional.<br>Recientemente el gobernador anunci\u00f3 la ampliaci\u00f3n al doble de capacidad del Puente Internacional III, asimismo, la conclusi\u00f3n de un tramo del Mex II, da\u00f1ado desde hace a\u00f1os y que afecta considerablemente el tr\u00e1fico comercial.<\/p>\n\n\n\n<p>Por su parte, la presidenta municipal, Carmen Lilia Canturosas Villarreal, se\u00f1al\u00f3 que existe una sinergia entre el gobierno municipal, estatal y federal con la finalidad de potenciar el proyecto del lado mexicano para que exista m\u00e1s agilidad en los cruces.<\/p>\n\n\n\n<p>En ese sentido, dijo que una mayor infraestructura en Nuevo Laredo, reflejar\u00e1 m\u00e1s la ventaja competitiva en el municipio, as\u00ed como la construcci\u00f3n del puente 4 \u2044 5 que sigue en la mesa de negociaciones.<\/p>\n\n\n\n<p>No se descarta una nueva visita del Presidente L\u00f3pez Obrador con anuncios que consolidar\u00e1n a Nuevo Laredo como la principal aduana de todo M\u00e9xico al ser la que m\u00e1s recauda y por donde m\u00e1s operaciones de intercambio comercial se realizan.<\/p>\n","protected":false},"excerpt":{"rendered":"<p>El presidente de la Rep\u00fablica, Andr\u00e9s Manuel L\u00f3pez Obrador, confirm\u00f3 la visita a Nuevo Laredo para el 4 de febrero a fin de dar los \u00faltimo toques para la instalaci\u00f3n de las oficinas de las Agencia Nacional de Aduanas de [&hellip;]<\/p>\n","protected":false},"author":2,"featured_media":63825,"comment_status":"open","ping_status":"open","sticky":false,"template":"","format":"standard","meta":[],"categories":[63],"tags":[],"_links":{"self":[{"href":"http:\/\/noticiastelered.com\/PortalDNoticias\/wp-json\/wp\/v2\/posts\/63823"}],"collection":[{"href":"http:\/\/noticiastelered.com\/PortalDNoticias\/wp-json\/wp\/v2\/posts"}],"about":[{"href":"http:\/\/noticiastelered.com\/PortalDNoticias\/wp-json\/wp\/v2\/types\/post"}],"author":[{"embeddable":true,"href":"http:\/\/noticiastelered.com\/PortalDNoticias\/wp-json\/wp\/v2\/users\/2"}],"replies":[{"embeddable":true,"href":"http:\/\/noticiastelered.com\/PortalDNoticias\/wp-json\/wp\/v2\/comments?post=63823"}],"version-history":[{"count":1,"href":"http:\/\/noticiastelered.com\/PortalDNoticias\/wp-json\/wp\/v2\/posts\/63823\/revisions"}],"predecessor-version":[{"id":63826,"href":"http:\/\/noticiastelered.com\/PortalDNoticias\/wp-json\/wp\/v2\/posts\/63823\/revisions\/63826"}],"wp:featuredmedia":[{"embeddable":true,"href":"http:\/\/noticiastelered.com\/PortalDNoticias\/wp-json\/wp\/v2\/media\/63825"}],"wp:attachment":[{"href":"http:\/\/noticiastelered.com\/PortalDNoticias\/wp-json\/wp\/v2\/media?parent=63823"}],"wp:term":[{"taxonomy":"category","embeddable":true,"href":"http:\/\/noticiastelered.com\/PortalDNoticias\/wp-json\/wp\/v2\/categories?post=63823"},{"taxonomy":"post_tag","embeddable":true,"href":"http:\/\/noticiastelered.com\/PortalDNoticias\/wp-json\/wp\/v2\/tags?post=63823"}],"curies":[{"name":"wp","href":"https:\/\/api.w.org\/{rel}","templated":true}]}}