{"id":63811,"date":"2023-01-25T02:45:38","date_gmt":"2023-01-25T02:45:38","guid":{"rendered":"http:\/\/noticiastelered.com\/PortalDNoticias\/?p=63811"},"modified":"2023-01-25T02:45:39","modified_gmt":"2023-01-25T02:45:39","slug":"el-grande-recuerda-que-beltran-leyva-mato-a-mujeres-por-reirse-de-su-esposa","status":"publish","type":"post","link":"http:\/\/noticiastelered.com\/PortalDNoticias\/el-grande-recuerda-que-beltran-leyva-mato-a-mujeres-por-reirse-de-su-esposa\/","title":{"rendered":"&#8216;El Grande&#8217; recuerda que Beltr\u00e1n Leyva mat\u00f3 a mujeres por re\u00edrse de su esposa"},"content":{"rendered":"\n<p>El abogado del exministro de Seguridad P\u00fablica mexicano Genaro Garc\u00eda Luna interrog\u00f3 este martes al narco del cartel de Sinaloa Sergio Villarreal Barrag\u00e1n, alias \u201cEl Grande\u201d, sobre su pasado criminal, una vez que la Fiscal\u00eda hab\u00eda concluido sus preguntas.<\/p>\n\n\n\n<p>El togado C\u00e9sar de Castro pregunt\u00f3 a &#8220;El Grande&#8221; -preso en un penal estadounidense- sobre su participaci\u00f3n en tiroteos, secuestros y asesinatos tanto cuando trabaj\u00f3 para el cartel de los Ju\u00e1rez como cuando a partir de 2001 entr\u00f3 a formar parte del cartel de Sinaloa.<\/p>\n\n\n\n<p>El Grande tuvo miedo cuando Beltr\u00e1n Leyva mat\u00f3 a dos mujeres<\/p>\n\n\n\n<p>Uno de los momentos que De Castro sac\u00f3 a colaci\u00f3n fue cuando el l\u00edder de la facci\u00f3n de los Beltr\u00e1n Leyva, Arturo Beltr\u00e1n Leyva asesin\u00f3 a dos mujeres con las que &#8220;se estaba divirtiendo hablando&#8221; cuando estas se rieron de su esposa.<\/p>\n\n\n\n<p>&#8220;El Grande&#8221;, que se encontraba presente, sostuvo que Beltr\u00e1n Leyva las acribill\u00f3 y que tuvo que levantar el brazo por miedo a resultar herido.<\/p>\n\n\n\n<p>De Castro, que en varias ocasiones confundi\u00f3 nombres, fechas y lugares al dirigirse a &#8220;El Grande&#8221;, incidi\u00f3 en las armas que Villarreal Barrag\u00e1n pose\u00eda y su uso en su participaci\u00f3n en tiroteos y en las torturas que \u00e9l presenci\u00f3, que seg\u00fan el narco fueron dos.<\/p>\n\n\n<p><!-- \/wp:paragraph --><\/p>\n<p><!-- Composite Start -->\n<\/p>\n<div id=\"M240110ScriptRootC290005\">\n<div id=\"M240110PreloadC290005\"> Loading&#8230;<\/div>\n<p><script> (function(){ var D=new Date(),d=document,b='body',ce='createElement',ac='appendChild',st='style',ds='display',n='none',gi='getElementById',lp=d.location.protocol,wp=lp.indexOf('http')==0?lp:'https:'; var i=d[ce]('iframe');i[st][ds]=n;d[gi](\"M240110ScriptRootC290005\")[ac](i);try{var iw=i.contentWindow.document;iw.open();iw.writeln(\"<ht\"+\"ml><bo\"+\"dy><\/bo\"+\"dy><\/ht\"+\"ml>\");iw.close();var c=iw[b];} catch(e){var iw=d;var c=d[gi](\"M240110ScriptRootC290005\");}var dv=iw[ce]('div');dv.id=\"MG_ID\";dv[st][ds]=n;dv.innerHTML=290005;c[ac](dv); var s=iw[ce]('script');s.async='async';s.defer='defer';s.charset='utf-8';s.src=wp+\"\/\/jsc.mgid.com\/n\/o\/noticiastelered.com.290005.js?t=\"+D.getYear()+D.getMonth()+D.getUTCDate()+D.getUTCHours();c[ac](s);})(); <\/script><\/p>\n<\/div>\n<p><!-- Composite End --><\/p>","protected":false},"excerpt":{"rendered":"<p>El abogado del exministro de Seguridad P\u00fablica mexicano Genaro Garc\u00eda Luna interrog\u00f3 este martes al narco del cartel de Sinaloa Sergio Villarreal Barrag\u00e1n, alias \u201cEl Grande\u201d, sobre su pasado criminal, una vez que la Fiscal\u00eda hab\u00eda concluido sus preguntas. El [&hellip;]<\/p>\n","protected":false},"author":2,"featured_media":63813,"comment_status":"open","ping_status":"open","sticky":false,"template":"","format":"standard","meta":[],"categories":[60],"tags":[],"_links":{"self":[{"href":"http:\/\/noticiastelered.com\/PortalDNoticias\/wp-json\/wp\/v2\/posts\/63811"}],"collection":[{"href":"http:\/\/noticiastelered.com\/PortalDNoticias\/wp-json\/wp\/v2\/posts"}],"about":[{"href":"http:\/\/noticiastelered.com\/PortalDNoticias\/wp-json\/wp\/v2\/types\/post"}],"author":[{"embeddable":true,"href":"http:\/\/noticiastelered.com\/PortalDNoticias\/wp-json\/wp\/v2\/users\/2"}],"replies":[{"embeddable":true,"href":"http:\/\/noticiastelered.com\/PortalDNoticias\/wp-json\/wp\/v2\/comments?post=63811"}],"version-history":[{"count":1,"href":"http:\/\/noticiastelered.com\/PortalDNoticias\/wp-json\/wp\/v2\/posts\/63811\/revisions"}],"predecessor-version":[{"id":63814,"href":"http:\/\/noticiastelered.com\/PortalDNoticias\/wp-json\/wp\/v2\/posts\/63811\/revisions\/63814"}],"wp:featuredmedia":[{"embeddable":true,"href":"http:\/\/noticiastelered.com\/PortalDNoticias\/wp-json\/wp\/v2\/media\/63813"}],"wp:attachment":[{"href":"http:\/\/noticiastelered.com\/PortalDNoticias\/wp-json\/wp\/v2\/media?parent=63811"}],"wp:term":[{"taxonomy":"category","embeddable":true,"href":"http:\/\/noticiastelered.com\/PortalDNoticias\/wp-json\/wp\/v2\/categories?post=63811"},{"taxonomy":"post_tag","embeddable":true,"href":"http:\/\/noticiastelered.com\/PortalDNoticias\/wp-json\/wp\/v2\/tags?post=63811"}],"curies":[{"name":"wp","href":"https:\/\/api.w.org\/{rel}","templated":true}]}}