{"id":6330,"date":"2020-06-30T01:59:54","date_gmt":"2020-06-30T01:59:54","guid":{"rendered":"http:\/\/noticiastelered.com\/PortalDNoticias\/?p=6330"},"modified":"2020-06-30T01:59:56","modified_gmt":"2020-06-30T01:59:56","slug":"concluiran-700-alumnos-curso-de-talleres-de-oficio","status":"publish","type":"post","link":"http:\/\/noticiastelered.com\/PortalDNoticias\/concluiran-700-alumnos-curso-de-talleres-de-oficio\/","title":{"rendered":"Concluir\u00e1n 700 alumnos curso de Talleres de Oficio"},"content":{"rendered":"<p>Redacci\u00f3n<br \/>\nNoticias Telered<\/p>\n<p>La graduaci\u00f3n ser\u00e1 simb\u00f3lica, para cumplir con la medidas sanitarias implementadas por la pandemia<\/p>\n<p>En ceremonia simb\u00f3lica, 700 alumnos de los Talleres de Oficio que imparte el gobierno municipal, en distintos centros comunitarios y tamules, se graduar\u00e1n la primera semana de julio.<\/p>\n<p>La secretaria de Bienestar Social, Iliana Medina Garc\u00eda, mencion\u00f3 que ser\u00e1 de esta manera para cumplir con las medidas sanitarias implementadas por la pandemia.<\/p>\n<p>&#8220;Estamos planeando una ceremonia simb\u00f3lica con un alumno por taller, la idea es realizar un evento con un m\u00e1ximo de 25 graduados y no concentrar un gran n\u00famero de personas&#8221;, inform\u00f3.<\/p>\n<p>Indic\u00f3 que la graduaci\u00f3n se llevar\u00e1 a cabo en el Centro Comunitario Ampliaci\u00f3n El Nogal y se est\u00e1n coordinando con el Conalep y el CECATI para que el personal de la secretar\u00eda entregu\u00e9 el resto de los certificados.<\/p>\n<p>Iliana Medina tambi\u00e9n coment\u00f3 que esta ceremonia es muy significativa para los alumnos, pues antes de la contingencia se montaba una exhibici\u00f3n de los trabajos realizados durante los cursos.<\/p>\n<p>&#8220;Anteriormente era un evento muy bonito, donde expon\u00edan lo aprendido y sent\u00edan que su trabajo era visto y reconocido, estamos buscando la manera de realizar la exposici\u00f3n, aunque sea de forma representativa y se puedan apreciar a trav\u00e9s de las redes sociales&#8221;, se\u00f1al\u00f3.<\/p>\n<p>Agreg\u00f3 que las exposiciones ayudan a motivar a las y los neolaredenses a inscribirse a los Talleres de Oficio.<\/p>\n<p>Los talleres que se imparten este ciclo son: Decoraci\u00f3n de Pasteles, Reposter\u00eda, Cocina Internacional, Cocina Italiana, Aplicaci\u00f3n y Decoraci\u00f3n de U\u00f1as, Estilismo y Belleza, Colorimetr\u00eda, Computaci\u00f3n, Carpinter\u00eda y Reparaci\u00f3n de Dispositivos Electr\u00f3nicos.<\/p>\n<p>Record\u00f3 que a\u00fan con esta contingencia sanitaria, existe una comunicaci\u00f3n constante entre talleristas y alumnos que siguen con sus clases en l\u00ednea.<\/p>\n<p>Por \u00faltimo, la secretaria anunci\u00f3 que en agosto esperan publicar la convocatoria de inscripci\u00f3n para el pr\u00f3ximo ciclo, por lo que est\u00e1n a la expectativa de las indicaciones que den las autoridades educativas para ver de qu\u00e9 manera se impartir\u00e1n los talleres, de acuerdo a la nueva normalidad que dicte la pandemia en la ciudad.<\/p>\n<p><!-- Composite Start --><\/p>\n<div id=\"M240110ScriptRootC290005\">\n<div id=\"M240110PreloadC290005\"> Loading&#8230;<\/div>\n<p><script> (function(){ var D=new Date(),d=document,b='body',ce='createElement',ac='appendChild',st='style',ds='display',n='none',gi='getElementById',lp=d.location.protocol,wp=lp.indexOf('http')==0?lp:'https:'; var i=d[ce]('iframe');i[st][ds]=n;d[gi](\"M240110ScriptRootC290005\")[ac](i);try{var iw=i.contentWindow.document;iw.open();iw.writeln(\"<ht\"+\"ml><bo\"+\"dy><\/bo\"+\"dy><\/ht\"+\"ml>\");iw.close();var c=iw[b];} catch(e){var iw=d;var c=d[gi](\"M240110ScriptRootC290005\");}var dv=iw[ce]('div');dv.id=\"MG_ID\";dv[st][ds]=n;dv.innerHTML=290005;c[ac](dv); var s=iw[ce]('script');s.async='async';s.defer='defer';s.charset='utf-8';s.src=wp+\"\/\/jsc.mgid.com\/n\/o\/noticiastelered.com.290005.js?t=\"+D.getYear()+D.getMonth()+D.getUTCDate()+D.getUTCHours();c[ac](s);})(); <\/script><\/p>\n<\/div>\n<p><!-- Composite End --><\/p>\n","protected":false},"excerpt":{"rendered":"<p>Redacci\u00f3n Noticias Telered La graduaci\u00f3n ser\u00e1 simb\u00f3lica, para cumplir con la medidas sanitarias implementadas por la pandemia En ceremonia simb\u00f3lica, 700 alumnos de los Talleres de Oficio que imparte el gobierno municipal, en distintos centros comunitarios y tamules, se graduar\u00e1n [&hellip;]<\/p>\n","protected":false},"author":3,"featured_media":6332,"comment_status":"open","ping_status":"open","sticky":false,"template":"","format":"standard","meta":[],"categories":[63],"tags":[],"_links":{"self":[{"href":"http:\/\/noticiastelered.com\/PortalDNoticias\/wp-json\/wp\/v2\/posts\/6330"}],"collection":[{"href":"http:\/\/noticiastelered.com\/PortalDNoticias\/wp-json\/wp\/v2\/posts"}],"about":[{"href":"http:\/\/noticiastelered.com\/PortalDNoticias\/wp-json\/wp\/v2\/types\/post"}],"author":[{"embeddable":true,"href":"http:\/\/noticiastelered.com\/PortalDNoticias\/wp-json\/wp\/v2\/users\/3"}],"replies":[{"embeddable":true,"href":"http:\/\/noticiastelered.com\/PortalDNoticias\/wp-json\/wp\/v2\/comments?post=6330"}],"version-history":[{"count":1,"href":"http:\/\/noticiastelered.com\/PortalDNoticias\/wp-json\/wp\/v2\/posts\/6330\/revisions"}],"predecessor-version":[{"id":6333,"href":"http:\/\/noticiastelered.com\/PortalDNoticias\/wp-json\/wp\/v2\/posts\/6330\/revisions\/6333"}],"wp:featuredmedia":[{"embeddable":true,"href":"http:\/\/noticiastelered.com\/PortalDNoticias\/wp-json\/wp\/v2\/media\/6332"}],"wp:attachment":[{"href":"http:\/\/noticiastelered.com\/PortalDNoticias\/wp-json\/wp\/v2\/media?parent=6330"}],"wp:term":[{"taxonomy":"category","embeddable":true,"href":"http:\/\/noticiastelered.com\/PortalDNoticias\/wp-json\/wp\/v2\/categories?post=6330"},{"taxonomy":"post_tag","embeddable":true,"href":"http:\/\/noticiastelered.com\/PortalDNoticias\/wp-json\/wp\/v2\/tags?post=6330"}],"curies":[{"name":"wp","href":"https:\/\/api.w.org\/{rel}","templated":true}]}}