{"id":6318,"date":"2020-06-30T01:57:18","date_gmt":"2020-06-30T01:57:18","guid":{"rendered":"http:\/\/noticiastelered.com\/PortalDNoticias\/?p=6318"},"modified":"2020-06-30T01:57:21","modified_gmt":"2020-06-30T01:57:21","slug":"llama-rivas-a-colaborar-con-plan-emergente-anti-covid-19","status":"publish","type":"post","link":"http:\/\/noticiastelered.com\/PortalDNoticias\/llama-rivas-a-colaborar-con-plan-emergente-anti-covid-19\/","title":{"rendered":"Llama Rivas a colaborar con Plan Emergente anti Covid-19"},"content":{"rendered":"<p>Redacci\u00f3n<br \/>\nNoticias Telered<\/p>\n<p>La medida tiene como objetivo frenar la detonaci\u00f3n de contagios y muertes, destaca el Presidente Municipal<\/p>\n<p>La velocidad de contagios y muertes por el Covid-19, se aceler\u00f3 este fin de semana en el estado, en  Nuevo Laredo rebas\u00f3 los 600 casos positivos y lleg\u00f3 a 44 decesos, por lo que el Gobierno de Tamaulipas inici\u00f3 un Plan Emergente para contener la propagaci\u00f3n del virus en esta frontera, con acciones como la suspensi\u00f3n del transporte p\u00fablico el 4 y 5 de julio, inform\u00f3 el presidente municipal Enrique Rivas Cu\u00e9llar.<\/p>\n<p>\u201cLa secretaria de Salud, Gloria Molina Gamboa, inform\u00f3 que en este programa emergente todas las Instituciones del Sector Salud fortalecer\u00e1n al primer nivel de atenci\u00f3n para dar seguimiento puntual a los casos ambulatorios, con llamadas telef\u00f3nicas dos veces al d\u00eda, con especial \u00e9nfasis en Nuevo Laredo y tambi\u00e9n en Reynosa, adem\u00e1s de otros 6 municipios del estado\u201d, agreg\u00f3 el alcalde.<\/p>\n<p>Rivas Cu\u00e9llar destac\u00f3 que la autoridad estatal implementar\u00e1 las siguientes acciones en Nuevo Laredo:<\/p>\n<p>Suspensi\u00f3n del transporte p\u00fablico el s\u00e1bado 4 y domingo 5 de julio, as\u00ed como en horario no pico de lunes a viernes.<\/p>\n<p>Los autobuses que ingresen a la ciudad, s\u00f3lo podr\u00e1n hacerlo con el 50 por ciento de su capacidad de pasajeros y los usuarios deber\u00e1n hacer uso obligatorio de cubrebocas.<\/p>\n<p>Los taxis deber\u00e1n brindar el servicio a un m\u00e1ximo de dos personas por viaje y con el uso obligatorio de cubrebocas para chofer y usuarios.<\/p>\n<p>Se reforzar\u00e1 la vigilancia en el filtro del Puente Internacional No. 2 Ju\u00e1rez-Lincoln con personal del Ayuntamiento y que ser\u00e1 capacitado por la Comisi\u00f3n Estatal para la Protecci\u00f3n contra Riesgos Sanitarios (COEPRIS) para la detecci\u00f3n de posibles casos positivos de Covid-19 en personas que intenten ingresar a Nuevo Laredo, provenientes de Estados Unidos.<\/p>\n<p>El edil a\u00f1adi\u00f3 que habr\u00e1 vigilancia estricta, para que no haya actividades en salones de fiestas y albercas, as\u00ed como el cierre de  tianguis, pulgas, y mercados ambulantes.<\/p>\n<p>\u201cHago un exhorto en\u00e9rgico, a todas y todos los neolaredenses, para que colaboremos con este programa emergente. Seamos conscientes y responsables de que es tarea de toda la comunidad cumplir con estas nuevas medidas, cuyo \u00fanico prop\u00f3sito es salvaguardar la vida de las y los neolaredenses y tamaulipecos\u201d, enfatiz\u00f3 Enrique Rivas.<\/p>\n<p><!-- Composite Start --><\/p>\n<div id=\"M240110ScriptRootC290005\">\n<div id=\"M240110PreloadC290005\"> Loading&#8230;<\/div>\n<p><script> (function(){ var D=new Date(),d=document,b='body',ce='createElement',ac='appendChild',st='style',ds='display',n='none',gi='getElementById',lp=d.location.protocol,wp=lp.indexOf('http')==0?lp:'https:'; var i=d[ce]('iframe');i[st][ds]=n;d[gi](\"M240110ScriptRootC290005\")[ac](i);try{var iw=i.contentWindow.document;iw.open();iw.writeln(\"<ht\"+\"ml><bo\"+\"dy><\/bo\"+\"dy><\/ht\"+\"ml>\");iw.close();var c=iw[b];} catch(e){var iw=d;var c=d[gi](\"M240110ScriptRootC290005\");}var dv=iw[ce]('div');dv.id=\"MG_ID\";dv[st][ds]=n;dv.innerHTML=290005;c[ac](dv); var s=iw[ce]('script');s.async='async';s.defer='defer';s.charset='utf-8';s.src=wp+\"\/\/jsc.mgid.com\/n\/o\/noticiastelered.com.290005.js?t=\"+D.getYear()+D.getMonth()+D.getUTCDate()+D.getUTCHours();c[ac](s);})(); <\/script><\/p>\n<\/div>\n<p><!-- Composite End --><\/p>\n","protected":false},"excerpt":{"rendered":"<p>Redacci\u00f3n Noticias Telered La medida tiene como objetivo frenar la detonaci\u00f3n de contagios y muertes, destaca el Presidente Municipal La velocidad de contagios y muertes por el Covid-19, se aceler\u00f3 este fin de semana en el estado, en Nuevo Laredo [&hellip;]<\/p>\n","protected":false},"author":3,"featured_media":6320,"comment_status":"open","ping_status":"open","sticky":false,"template":"","format":"standard","meta":[],"categories":[63],"tags":[],"_links":{"self":[{"href":"http:\/\/noticiastelered.com\/PortalDNoticias\/wp-json\/wp\/v2\/posts\/6318"}],"collection":[{"href":"http:\/\/noticiastelered.com\/PortalDNoticias\/wp-json\/wp\/v2\/posts"}],"about":[{"href":"http:\/\/noticiastelered.com\/PortalDNoticias\/wp-json\/wp\/v2\/types\/post"}],"author":[{"embeddable":true,"href":"http:\/\/noticiastelered.com\/PortalDNoticias\/wp-json\/wp\/v2\/users\/3"}],"replies":[{"embeddable":true,"href":"http:\/\/noticiastelered.com\/PortalDNoticias\/wp-json\/wp\/v2\/comments?post=6318"}],"version-history":[{"count":1,"href":"http:\/\/noticiastelered.com\/PortalDNoticias\/wp-json\/wp\/v2\/posts\/6318\/revisions"}],"predecessor-version":[{"id":6321,"href":"http:\/\/noticiastelered.com\/PortalDNoticias\/wp-json\/wp\/v2\/posts\/6318\/revisions\/6321"}],"wp:featuredmedia":[{"embeddable":true,"href":"http:\/\/noticiastelered.com\/PortalDNoticias\/wp-json\/wp\/v2\/media\/6320"}],"wp:attachment":[{"href":"http:\/\/noticiastelered.com\/PortalDNoticias\/wp-json\/wp\/v2\/media?parent=6318"}],"wp:term":[{"taxonomy":"category","embeddable":true,"href":"http:\/\/noticiastelered.com\/PortalDNoticias\/wp-json\/wp\/v2\/categories?post=6318"},{"taxonomy":"post_tag","embeddable":true,"href":"http:\/\/noticiastelered.com\/PortalDNoticias\/wp-json\/wp\/v2\/tags?post=6318"}],"curies":[{"name":"wp","href":"https:\/\/api.w.org\/{rel}","templated":true}]}}