{"id":6314,"date":"2020-06-30T01:56:19","date_gmt":"2020-06-30T01:56:19","guid":{"rendered":"http:\/\/noticiastelered.com\/PortalDNoticias\/?p=6314"},"modified":"2020-06-30T01:56:21","modified_gmt":"2020-06-30T01:56:21","slug":"reactivara-centro-de-convenciones-la-economia","status":"publish","type":"post","link":"http:\/\/noticiastelered.com\/PortalDNoticias\/reactivara-centro-de-convenciones-la-economia\/","title":{"rendered":"Reactivar\u00e1 Centro de Convenciones la econom\u00eda"},"content":{"rendered":"<p>Redacci\u00f3n<br \/>\nNoticias Telered<\/p>\n<p>Enrique Rivas agradece al gobernador Francisco Garc\u00eda Cabeza de Vaca, que destine recursos del Fideicomiso del Puente 3 al proyecto<\/p>\n<p>La construcci\u00f3n del Centro de Convenciones en Nuevo Laredo es una realidad y le dar\u00e1 a Nuevo Laredo la oportunidad de reactivar la econom\u00eda en la regi\u00f3n, ante el colapso econ\u00f3mico que se vive en pa\u00eds y todo el mundo por la pandemia del Covid-19, manifest\u00f3 el presidente municipal Enrique Rivas.<\/p>\n<p>En videoconferencia de prensa de los lunes, el alcalde agradeci\u00f3 al gobernador del estado, Francisco Garc\u00eda Cabeza de Vaca, por la voluntad de continuar con este proyecto y destinar los recursos del Fideicomiso del Puente 3 para cristalizar la construcci\u00f3n de esta magna obra.<\/p>\n<p>\u201cAgradezco al gobernador del estado Francisco Garc\u00eda Cabeza de Vaca que haya tenido la voluntad, la disposici\u00f3n y el compromiso con las y los ciudadanos de Nuevo Laredo, de utilizar los recursos del Fideicomiso del Puente 3 para la  construcci\u00f3n de este importante Centro de Convenciones, de esta manera el gobernador cumple a Nuevo Laredo de que el recurso que aqu\u00ed se genera, aqu\u00ed mismo se queda\u201d, destac\u00f3 Rivas Cu\u00e9llar.<\/p>\n<p>El mun\u00edcipe se\u00f1al\u00f3 lo importante que es continuar con el proyecto ante la posible amenaza de la desaparici\u00f3n del fideicomiso y es prioridad que ese recurso se quede en Nuevo Laredo para generar empleo, mejorar la infraestructura y poder competir a nivel nacional con la llegada del nuevo Tratado de Libre Comercio.<\/p>\n<p>\u201cEra importante sacar este proyecto porque hay que decirlo, existe una preocupaci\u00f3n de que desaparezca este fideicomiso y se lleven lo recursos y vayan a parar a otro lado, es mejor se queden en Nuevo Laredo, que se inviertan en infraestructura porque esto tambi\u00e9n va a generar empleo y en un futuro un rostro distinto, estamos a d\u00edas de la llegada del nuevo Tratado de Libre Comercio, no habr\u00e1 una ciudad que se beneficie m\u00e1s que Nuevo Laredo y para ese entonces estaremos listos con la infraestructura y el detonante econ\u00f3mico\u201d, agreg\u00f3 el alcalde.<\/p>\n<p>Rivas Cu\u00e9llar subray\u00f3 que despu\u00e9s de la crisis econ\u00f3mica derivada por el Covid-19, se habla de que a nivel nacional el colapso econ\u00f3mico ser\u00e1 de menos 10 por ciento de crecimiento y en Nuevo Laredo se requiere llevar a cabo estas medidas, para que en tiempo de crisis el gobierno pueda activar la econom\u00eda con la generaci\u00f3n de empleo, el apoyo a la proveedur\u00eda y el mercado interno fortalecer las econom\u00edas locales.<\/p>\n<p>El Centro de Convenciones World Trade Center es un proyecto ancla y referente del norte de M\u00e9xico, estar\u00e1 ubicado en el predio Campo Real y un Bulevar que se habr\u00e1 de construir por el gobierno municipal y llevar\u00e1 el nombre de Victor Lozano Rend\u00f3n, con una superficie de 110 mil metros cuadrados.<\/p>\n<p>El pasado viernes 26 de junio, Cabildo de Nuevo Laredo aprob\u00f3 la adquisici\u00f3n de un nuevo predio para la construcci\u00f3n de este importante proyecto.<\/p>\n<p><!-- Composite Start --><\/p>\n<div id=\"M240110ScriptRootC290005\">\n<div id=\"M240110PreloadC290005\"> Loading&#8230;<\/div>\n<p><script> (function(){ var D=new Date(),d=document,b='body',ce='createElement',ac='appendChild',st='style',ds='display',n='none',gi='getElementById',lp=d.location.protocol,wp=lp.indexOf('http')==0?lp:'https:'; var i=d[ce]('iframe');i[st][ds]=n;d[gi](\"M240110ScriptRootC290005\")[ac](i);try{var iw=i.contentWindow.document;iw.open();iw.writeln(\"<ht\"+\"ml><bo\"+\"dy><\/bo\"+\"dy><\/ht\"+\"ml>\");iw.close();var c=iw[b];} catch(e){var iw=d;var c=d[gi](\"M240110ScriptRootC290005\");}var dv=iw[ce]('div');dv.id=\"MG_ID\";dv[st][ds]=n;dv.innerHTML=290005;c[ac](dv); var s=iw[ce]('script');s.async='async';s.defer='defer';s.charset='utf-8';s.src=wp+\"\/\/jsc.mgid.com\/n\/o\/noticiastelered.com.290005.js?t=\"+D.getYear()+D.getMonth()+D.getUTCDate()+D.getUTCHours();c[ac](s);})(); <\/script><\/p>\n<\/div>\n<p><!-- Composite End --><\/p>\n","protected":false},"excerpt":{"rendered":"<p>Redacci\u00f3n Noticias Telered Enrique Rivas agradece al gobernador Francisco Garc\u00eda Cabeza de Vaca, que destine recursos del Fideicomiso del Puente 3 al proyecto La construcci\u00f3n del Centro de Convenciones en Nuevo Laredo es una realidad y le dar\u00e1 a Nuevo [&hellip;]<\/p>\n","protected":false},"author":3,"featured_media":6316,"comment_status":"open","ping_status":"open","sticky":false,"template":"","format":"standard","meta":[],"categories":[63],"tags":[],"_links":{"self":[{"href":"http:\/\/noticiastelered.com\/PortalDNoticias\/wp-json\/wp\/v2\/posts\/6314"}],"collection":[{"href":"http:\/\/noticiastelered.com\/PortalDNoticias\/wp-json\/wp\/v2\/posts"}],"about":[{"href":"http:\/\/noticiastelered.com\/PortalDNoticias\/wp-json\/wp\/v2\/types\/post"}],"author":[{"embeddable":true,"href":"http:\/\/noticiastelered.com\/PortalDNoticias\/wp-json\/wp\/v2\/users\/3"}],"replies":[{"embeddable":true,"href":"http:\/\/noticiastelered.com\/PortalDNoticias\/wp-json\/wp\/v2\/comments?post=6314"}],"version-history":[{"count":1,"href":"http:\/\/noticiastelered.com\/PortalDNoticias\/wp-json\/wp\/v2\/posts\/6314\/revisions"}],"predecessor-version":[{"id":6317,"href":"http:\/\/noticiastelered.com\/PortalDNoticias\/wp-json\/wp\/v2\/posts\/6314\/revisions\/6317"}],"wp:featuredmedia":[{"embeddable":true,"href":"http:\/\/noticiastelered.com\/PortalDNoticias\/wp-json\/wp\/v2\/media\/6316"}],"wp:attachment":[{"href":"http:\/\/noticiastelered.com\/PortalDNoticias\/wp-json\/wp\/v2\/media?parent=6314"}],"wp:term":[{"taxonomy":"category","embeddable":true,"href":"http:\/\/noticiastelered.com\/PortalDNoticias\/wp-json\/wp\/v2\/categories?post=6314"},{"taxonomy":"post_tag","embeddable":true,"href":"http:\/\/noticiastelered.com\/PortalDNoticias\/wp-json\/wp\/v2\/tags?post=6314"}],"curies":[{"name":"wp","href":"https:\/\/api.w.org\/{rel}","templated":true}]}}