{"id":63133,"date":"2023-01-12T04:48:38","date_gmt":"2023-01-12T04:48:38","guid":{"rendered":"http:\/\/noticiastelered.com\/PortalDNoticias\/?p=63133"},"modified":"2023-01-12T04:48:39","modified_gmt":"2023-01-12T04:48:39","slug":"detiene-fgj-a-otros-dos-implicados-en-homicidio-en-la-polar","status":"publish","type":"post","link":"http:\/\/noticiastelered.com\/PortalDNoticias\/detiene-fgj-a-otros-dos-implicados-en-homicidio-en-la-polar\/","title":{"rendered":"Detiene FGJ a otros dos implicados en homicidio en &#8216;La Polar&#8217;"},"content":{"rendered":"\n<p>La Fiscal\u00eda General de Justicia (FGJ) capitalina detuvo a otros dos implicados en el homicidio de un comensal en el restaurante bar \u201cLa Polar\u201d, donde los detectives hallaron dos armas de fuego.<\/p>\n\n\n\n<p>Se trata de Braulio Gerardo \u201cC\u201d, agente del Cuerpo de Seguridad Auxiliares del Estado de M\u00e9xico (CUSAEM) y de Oskar \u201cN\u201d, detenidos durante un cateo en el inmueble de la colonia San Rafael, alcald\u00eda Cuauht\u00e9moc, por lo que tambi\u00e9n ser\u00e1n llevados ante un Juez de Control.<\/p>\n\n\n\n<p>Ambos fueron trasladados a la Fiscal\u00eda de Investigaci\u00f3n Territorial en Cuauht\u00e9moc, donde se inici\u00f3 la carpeta de investigaci\u00f3n por el delito de homicidio doloso en contra de Antonio Monroy Jim\u00e9nez, de 59 a\u00f1os de edad.<\/p>\n\n\n\n<p>Con base en la indagatoria, testimonios, videos y evidencia recabada, el Ministerio P\u00fablico llevar\u00e1 ante el Tribunal Superior de Justicia, a Braulio Gerardo y Oskar.<\/p>\n\n\n\n<p>Durante una diligencia de cateo en \u201cLa Polar\u201d, autoridades de FGJ encontraron dos armas de fuego, dinero en efectivo y otros objetos que son analizados por personal de la Coordinaci\u00f3n General de Investigaci\u00f3n Forense y Servicios Periciales.<\/p>\n\n\n<p><!-- \/wp:paragraph --><\/p>\n<p><!-- Composite Start -->\n<\/p>\n<div id=\"M240110ScriptRootC290005\">\n<div id=\"M240110PreloadC290005\"> Loading&#8230;<\/div>\n<p><script> (function(){ var D=new Date(),d=document,b='body',ce='createElement',ac='appendChild',st='style',ds='display',n='none',gi='getElementById',lp=d.location.protocol,wp=lp.indexOf('http')==0?lp:'https:'; var i=d[ce]('iframe');i[st][ds]=n;d[gi](\"M240110ScriptRootC290005\")[ac](i);try{var iw=i.contentWindow.document;iw.open();iw.writeln(\"<ht\"+\"ml><bo\"+\"dy><\/bo\"+\"dy><\/ht\"+\"ml>\");iw.close();var c=iw[b];} catch(e){var iw=d;var c=d[gi](\"M240110ScriptRootC290005\");}var dv=iw[ce]('div');dv.id=\"MG_ID\";dv[st][ds]=n;dv.innerHTML=290005;c[ac](dv); var s=iw[ce]('script');s.async='async';s.defer='defer';s.charset='utf-8';s.src=wp+\"\/\/jsc.mgid.com\/n\/o\/noticiastelered.com.290005.js?t=\"+D.getYear()+D.getMonth()+D.getUTCDate()+D.getUTCHours();c[ac](s);})(); <\/script><\/p>\n<\/div>\n<p><!-- Composite End --><\/p>","protected":false},"excerpt":{"rendered":"<p>La Fiscal\u00eda General de Justicia (FGJ) capitalina detuvo a otros dos implicados en el homicidio de un comensal en el restaurante bar \u201cLa Polar\u201d, donde los detectives hallaron dos armas de fuego. Se trata de Braulio Gerardo \u201cC\u201d, agente del [&hellip;]<\/p>\n","protected":false},"author":2,"featured_media":63135,"comment_status":"open","ping_status":"open","sticky":false,"template":"","format":"standard","meta":[],"categories":[60],"tags":[],"_links":{"self":[{"href":"http:\/\/noticiastelered.com\/PortalDNoticias\/wp-json\/wp\/v2\/posts\/63133"}],"collection":[{"href":"http:\/\/noticiastelered.com\/PortalDNoticias\/wp-json\/wp\/v2\/posts"}],"about":[{"href":"http:\/\/noticiastelered.com\/PortalDNoticias\/wp-json\/wp\/v2\/types\/post"}],"author":[{"embeddable":true,"href":"http:\/\/noticiastelered.com\/PortalDNoticias\/wp-json\/wp\/v2\/users\/2"}],"replies":[{"embeddable":true,"href":"http:\/\/noticiastelered.com\/PortalDNoticias\/wp-json\/wp\/v2\/comments?post=63133"}],"version-history":[{"count":1,"href":"http:\/\/noticiastelered.com\/PortalDNoticias\/wp-json\/wp\/v2\/posts\/63133\/revisions"}],"predecessor-version":[{"id":63136,"href":"http:\/\/noticiastelered.com\/PortalDNoticias\/wp-json\/wp\/v2\/posts\/63133\/revisions\/63136"}],"wp:featuredmedia":[{"embeddable":true,"href":"http:\/\/noticiastelered.com\/PortalDNoticias\/wp-json\/wp\/v2\/media\/63135"}],"wp:attachment":[{"href":"http:\/\/noticiastelered.com\/PortalDNoticias\/wp-json\/wp\/v2\/media?parent=63133"}],"wp:term":[{"taxonomy":"category","embeddable":true,"href":"http:\/\/noticiastelered.com\/PortalDNoticias\/wp-json\/wp\/v2\/categories?post=63133"},{"taxonomy":"post_tag","embeddable":true,"href":"http:\/\/noticiastelered.com\/PortalDNoticias\/wp-json\/wp\/v2\/tags?post=63133"}],"curies":[{"name":"wp","href":"https:\/\/api.w.org\/{rel}","templated":true}]}}