{"id":63117,"date":"2023-01-12T04:29:54","date_gmt":"2023-01-12T04:29:54","guid":{"rendered":"http:\/\/noticiastelered.com\/PortalDNoticias\/?p=63117"},"modified":"2023-01-12T04:29:56","modified_gmt":"2023-01-12T04:29:56","slug":"me-van-a-extranar-bad-bunny-se-retira-de-redes-sociales-y-de-la-musica","status":"publish","type":"post","link":"http:\/\/noticiastelered.com\/PortalDNoticias\/me-van-a-extranar-bad-bunny-se-retira-de-redes-sociales-y-de-la-musica\/","title":{"rendered":"\u2018Me van a extra\u00f1ar\u2019 Bad Bunny se retira de redes sociales y de la m\u00fasica"},"content":{"rendered":"\n<p>A unos d\u00edas de la pol\u00e9mica, Bad Bunny decidi\u00f3 poner privada su cuenta de Instagram, por lo que m\u00e1s de 44 millones ya no podr\u00e1n seguir las \u201ctravesuras\u201d del int\u00e9rprete de \u201cTiti me pregunt\u00f3\u201d.<\/p>\n\n\n\n<p>Hace unos d\u00edas el conejo se port\u00f3 \u201cmalo\u201d, tras arrebatar y aventarle el celular a una fan que se le ocurri\u00f3 acercarse y empezar a grabar. La situaci\u00f3n caus\u00f3 comentarios en contras y otros a favor, ya que aseguran invadi\u00f3 su espacio.<\/p>\n\n\n\n<p>El retiro de Bad Bunny no fue como esperaba, ya que la pol\u00e9mica lo sigue y ante los reclamos, decidi\u00f3 limitar su cuenta de Instagram, la cual solo tiene 17 publicaciones y no sigue a nadie.<\/p>\n\n\n\n<p>Junto con esto coloc\u00f3 un mensaje en su cuenta de Twitter con la frase &#8220;Me van a extra\u00f1ar&#8221; una vez que este 2023 anunciara que tomar\u00e1 un a\u00f1o sab\u00e1tico para dedicarse a \u00e9l mismo.<\/p>\n\n\n\n<p>Bad Bunny, uno de los artistas m\u00e1s escuchados en el mundo durante este a\u00f1o, confirm\u00f3 que se retirar\u00e1 temporalmente de la m\u00fasica en el 2023. Esta decisi\u00f3n sorprendi\u00f3 a todos los fan\u00e1ticos ya que previamente no hab\u00eda dado indicios de esta postura.<\/p>\n\n\n<p><!-- \/wp:paragraph --><\/p>\n<p><!-- Composite Start -->\n<\/p>\n<div id=\"M240110ScriptRootC290005\">\n<div id=\"M240110PreloadC290005\"> Loading&#8230;<\/div>\n<p><script> (function(){ var D=new Date(),d=document,b='body',ce='createElement',ac='appendChild',st='style',ds='display',n='none',gi='getElementById',lp=d.location.protocol,wp=lp.indexOf('http')==0?lp:'https:'; var i=d[ce]('iframe');i[st][ds]=n;d[gi](\"M240110ScriptRootC290005\")[ac](i);try{var iw=i.contentWindow.document;iw.open();iw.writeln(\"<ht\"+\"ml><bo\"+\"dy><\/bo\"+\"dy><\/ht\"+\"ml>\");iw.close();var c=iw[b];} catch(e){var iw=d;var c=d[gi](\"M240110ScriptRootC290005\");}var dv=iw[ce]('div');dv.id=\"MG_ID\";dv[st][ds]=n;dv.innerHTML=290005;c[ac](dv); var s=iw[ce]('script');s.async='async';s.defer='defer';s.charset='utf-8';s.src=wp+\"\/\/jsc.mgid.com\/n\/o\/noticiastelered.com.290005.js?t=\"+D.getYear()+D.getMonth()+D.getUTCDate()+D.getUTCHours();c[ac](s);})(); <\/script><\/p>\n<\/div>\n<p><!-- Composite End --><\/p>","protected":false},"excerpt":{"rendered":"<p>A unos d\u00edas de la pol\u00e9mica, Bad Bunny decidi\u00f3 poner privada su cuenta de Instagram, por lo que m\u00e1s de 44 millones ya no podr\u00e1n seguir las \u201ctravesuras\u201d del int\u00e9rprete de \u201cTiti me pregunt\u00f3\u201d. Hace unos d\u00edas el conejo se [&hellip;]<\/p>\n","protected":false},"author":2,"featured_media":63119,"comment_status":"open","ping_status":"open","sticky":false,"template":"","format":"standard","meta":[],"categories":[66],"tags":[],"_links":{"self":[{"href":"http:\/\/noticiastelered.com\/PortalDNoticias\/wp-json\/wp\/v2\/posts\/63117"}],"collection":[{"href":"http:\/\/noticiastelered.com\/PortalDNoticias\/wp-json\/wp\/v2\/posts"}],"about":[{"href":"http:\/\/noticiastelered.com\/PortalDNoticias\/wp-json\/wp\/v2\/types\/post"}],"author":[{"embeddable":true,"href":"http:\/\/noticiastelered.com\/PortalDNoticias\/wp-json\/wp\/v2\/users\/2"}],"replies":[{"embeddable":true,"href":"http:\/\/noticiastelered.com\/PortalDNoticias\/wp-json\/wp\/v2\/comments?post=63117"}],"version-history":[{"count":1,"href":"http:\/\/noticiastelered.com\/PortalDNoticias\/wp-json\/wp\/v2\/posts\/63117\/revisions"}],"predecessor-version":[{"id":63120,"href":"http:\/\/noticiastelered.com\/PortalDNoticias\/wp-json\/wp\/v2\/posts\/63117\/revisions\/63120"}],"wp:featuredmedia":[{"embeddable":true,"href":"http:\/\/noticiastelered.com\/PortalDNoticias\/wp-json\/wp\/v2\/media\/63119"}],"wp:attachment":[{"href":"http:\/\/noticiastelered.com\/PortalDNoticias\/wp-json\/wp\/v2\/media?parent=63117"}],"wp:term":[{"taxonomy":"category","embeddable":true,"href":"http:\/\/noticiastelered.com\/PortalDNoticias\/wp-json\/wp\/v2\/categories?post=63117"},{"taxonomy":"post_tag","embeddable":true,"href":"http:\/\/noticiastelered.com\/PortalDNoticias\/wp-json\/wp\/v2\/tags?post=63117"}],"curies":[{"name":"wp","href":"https:\/\/api.w.org\/{rel}","templated":true}]}}