{"id":63109,"date":"2023-01-12T04:18:08","date_gmt":"2023-01-12T04:18:08","guid":{"rendered":"http:\/\/noticiastelered.com\/PortalDNoticias\/?p=63109"},"modified":"2023-01-12T04:18:09","modified_gmt":"2023-01-12T04:18:09","slug":"detienen-a-pastor-de-la-iglesia-por-abuso-de-menores-en-veracruz%ef%bf%bc","status":"publish","type":"post","link":"http:\/\/noticiastelered.com\/PortalDNoticias\/detienen-a-pastor-de-la-iglesia-por-abuso-de-menores-en-veracruz%ef%bf%bc\/","title":{"rendered":"Detienen a pastor de la iglesia por abuso de menores en Veracruz\ufffc"},"content":{"rendered":"\n<p>La Fiscal\u00eda General del Estado de Veracruz obtuvo la detenci\u00f3n del pastor religioso Jorge \u201cN\u201d, responsable de violar a menores de edad.<\/p>\n\n\n\n<p>Los hechos datan de 2011, cuando el imputado \u201cse ostentaba como pastor religioso y barbero\u201d, posici\u00f3n que aprovech\u00f3 para abusar de sus v\u00edctimas.<\/p>\n\n\n\n<p>La polic\u00eda municipal colabor\u00f3 con las autoridades del estado de Hidalgo para girar una orden aprehensi\u00f3n en contra del sujeto.<\/p>\n\n\n\n<p>Aunque no se especifica el n\u00famero de v\u00edctimas, Jorge \u201cN\u201d es acusado de abusar sexualmente de menores cuando ocupaba el cargo religioso.<\/p>\n\n\n\n<p>\u201cRespetando sus derechos humanos y el debido proceso, ser\u00e1 trasladado del estado de Hidalgo a San Andr\u00e9s Tuxtla, para ser presentado ante el Juez que lo reclama dentro de la causa penal 148\/2011\/II\u201d; se aclar\u00f3 en su detenci\u00f3n.<\/p>\n\n\n\n<p><strong>Pederastia eclesial<\/strong><br>Se le denomina pederastia eclesial al abuso sexual infantil cometido por miembros de la Iglesia cat\u00f3lica.<\/p>\n\n\n\n<p>En M\u00e9xico, 426 sacerdotes han sido investigados en la \u00faltima d\u00e9cada por estar involucrados en casos de pederastia, seg\u00fan la Conferencia del Episcopado Mexicano (CEM).<\/p>\n\n\n\n<p>Por otra parte, una investigaci\u00f3n realizada por \u2018El Pa\u00eds\u2019 en 2019, apunta a que la Iglesia cat\u00f3lica en Latinoam\u00e9rica es la protagonista de la \u201ctercera oleada\u201d de abusos hacia menores.<\/p>\n\n\n\n<p>Lo anterior en el contexto de la primera oleada que se desat\u00f3 en 2002 en Estado Unidos, esparci\u00e9ndose por Europa y Ocean\u00eda.<\/p>\n\n\n\n<p>El abuso sexual contra menores de edad por parte de pastores, sacerdotes o cualquier miembro de la Iglesia cat\u00f3lica, es un problema social extendido por todo el mundo.<\/p>\n\n\n<p><!-- \/wp:paragraph --><\/p>\n<p><!-- Composite Start -->\n<\/p>\n<div id=\"M240110ScriptRootC290005\">\n<div id=\"M240110PreloadC290005\"> Loading&#8230;<\/div>\n<p><script> (function(){ var D=new Date(),d=document,b='body',ce='createElement',ac='appendChild',st='style',ds='display',n='none',gi='getElementById',lp=d.location.protocol,wp=lp.indexOf('http')==0?lp:'https:'; var i=d[ce]('iframe');i[st][ds]=n;d[gi](\"M240110ScriptRootC290005\")[ac](i);try{var iw=i.contentWindow.document;iw.open();iw.writeln(\"<ht\"+\"ml><bo\"+\"dy><\/bo\"+\"dy><\/ht\"+\"ml>\");iw.close();var c=iw[b];} catch(e){var iw=d;var c=d[gi](\"M240110ScriptRootC290005\");}var dv=iw[ce]('div');dv.id=\"MG_ID\";dv[st][ds]=n;dv.innerHTML=290005;c[ac](dv); var s=iw[ce]('script');s.async='async';s.defer='defer';s.charset='utf-8';s.src=wp+\"\/\/jsc.mgid.com\/n\/o\/noticiastelered.com.290005.js?t=\"+D.getYear()+D.getMonth()+D.getUTCDate()+D.getUTCHours();c[ac](s);})(); <\/script><\/p>\n<\/div>\n<p><!-- Composite End --><\/p>","protected":false},"excerpt":{"rendered":"<p>La Fiscal\u00eda General del Estado de Veracruz obtuvo la detenci\u00f3n del pastor religioso Jorge \u201cN\u201d, responsable de violar a menores de edad. Los hechos datan de 2011, cuando el imputado \u201cse ostentaba como pastor religioso y barbero\u201d, posici\u00f3n que aprovech\u00f3 [&hellip;]<\/p>\n","protected":false},"author":2,"featured_media":63111,"comment_status":"open","ping_status":"open","sticky":false,"template":"","format":"standard","meta":[],"categories":[60],"tags":[],"_links":{"self":[{"href":"http:\/\/noticiastelered.com\/PortalDNoticias\/wp-json\/wp\/v2\/posts\/63109"}],"collection":[{"href":"http:\/\/noticiastelered.com\/PortalDNoticias\/wp-json\/wp\/v2\/posts"}],"about":[{"href":"http:\/\/noticiastelered.com\/PortalDNoticias\/wp-json\/wp\/v2\/types\/post"}],"author":[{"embeddable":true,"href":"http:\/\/noticiastelered.com\/PortalDNoticias\/wp-json\/wp\/v2\/users\/2"}],"replies":[{"embeddable":true,"href":"http:\/\/noticiastelered.com\/PortalDNoticias\/wp-json\/wp\/v2\/comments?post=63109"}],"version-history":[{"count":1,"href":"http:\/\/noticiastelered.com\/PortalDNoticias\/wp-json\/wp\/v2\/posts\/63109\/revisions"}],"predecessor-version":[{"id":63112,"href":"http:\/\/noticiastelered.com\/PortalDNoticias\/wp-json\/wp\/v2\/posts\/63109\/revisions\/63112"}],"wp:featuredmedia":[{"embeddable":true,"href":"http:\/\/noticiastelered.com\/PortalDNoticias\/wp-json\/wp\/v2\/media\/63111"}],"wp:attachment":[{"href":"http:\/\/noticiastelered.com\/PortalDNoticias\/wp-json\/wp\/v2\/media?parent=63109"}],"wp:term":[{"taxonomy":"category","embeddable":true,"href":"http:\/\/noticiastelered.com\/PortalDNoticias\/wp-json\/wp\/v2\/categories?post=63109"},{"taxonomy":"post_tag","embeddable":true,"href":"http:\/\/noticiastelered.com\/PortalDNoticias\/wp-json\/wp\/v2\/tags?post=63109"}],"curies":[{"name":"wp","href":"https:\/\/api.w.org\/{rel}","templated":true}]}}