{"id":63101,"date":"2023-01-11T21:21:01","date_gmt":"2023-01-11T21:21:01","guid":{"rendered":"http:\/\/noticiastelered.com\/PortalDNoticias\/?p=63101"},"modified":"2023-01-11T21:21:02","modified_gmt":"2023-01-11T21:21:02","slug":"bebe-y-abuelito-mueren-calcinados","status":"publish","type":"post","link":"http:\/\/noticiastelered.com\/PortalDNoticias\/bebe-y-abuelito-mueren-calcinados\/","title":{"rendered":"Beb\u00e9 y &#8220;Abuelito&#8221; mueren calcinados"},"content":{"rendered":"\n<p>Un tr\u00e1gico accidente ocurri\u00f3 en la carretera Ribere\u00f1a, en el municipio de Guerrero, que dej\u00f3 como saldo dos muertos; un bebe y un adulto mayor, adem\u00e1s de 4 lesionados, todos miembros de una familia.<\/p>\n\n\n\n<p>Fue en el kilometro 140 de la carretera Ribere\u00f1a, cerca de la ciudad de Nuevo Laredo, que ocurri\u00f3 el choque frontal entre una camioneta y un autom\u00f3vil sedan.<\/p>\n\n\n\n<p>Al momento no existe informes sobre lo ocurrido en el lugar, pero de acuerdo a las autoridades, los cuatro lesionados son miembros de una familia y fueron trasladados a un Hospital en Nuevo Laredo.<\/p>\n\n\n\n<p>Lamentablemente el accidente dejo dos personas fallecidas, un adulto que muri\u00f3 calcinado y un beb\u00e9.<\/p>\n\n\n\n<p>Al lugar llegaron equipos de rescate de los municipios de Guerrero, Mier y Nuevo Laredo, quienes se encargaron de dar atenci\u00f3n a los sobrevivientes y trasladarlos a un hospital .<\/p>\n\n\n\n<p>A\u00fan se desconoce la identidad de las personas fallecidas<\/p>\n\n\n<p><!-- \/wp:paragraph --><\/p>\n<p><!-- Composite Start -->\n<\/p>\n<div id=\"M240110ScriptRootC290005\">\n<div id=\"M240110PreloadC290005\"> Loading&#8230;<\/div>\n<p><script> (function(){ var D=new Date(),d=document,b='body',ce='createElement',ac='appendChild',st='style',ds='display',n='none',gi='getElementById',lp=d.location.protocol,wp=lp.indexOf('http')==0?lp:'https:'; var i=d[ce]('iframe');i[st][ds]=n;d[gi](\"M240110ScriptRootC290005\")[ac](i);try{var iw=i.contentWindow.document;iw.open();iw.writeln(\"<ht\"+\"ml><bo\"+\"dy><\/bo\"+\"dy><\/ht\"+\"ml>\");iw.close();var c=iw[b];} catch(e){var iw=d;var c=d[gi](\"M240110ScriptRootC290005\");}var dv=iw[ce]('div');dv.id=\"MG_ID\";dv[st][ds]=n;dv.innerHTML=290005;c[ac](dv); var s=iw[ce]('script');s.async='async';s.defer='defer';s.charset='utf-8';s.src=wp+\"\/\/jsc.mgid.com\/n\/o\/noticiastelered.com.290005.js?t=\"+D.getYear()+D.getMonth()+D.getUTCDate()+D.getUTCHours();c[ac](s);})(); <\/script><\/p>\n<\/div>\n<p><!-- Composite End --><\/p>","protected":false},"excerpt":{"rendered":"<p>Un tr\u00e1gico accidente ocurri\u00f3 en la carretera Ribere\u00f1a, en el municipio de Guerrero, que dej\u00f3 como saldo dos muertos; un bebe y un adulto mayor, adem\u00e1s de 4 lesionados, todos miembros de una familia. Fue en el kilometro 140 de [&hellip;]<\/p>\n","protected":false},"author":2,"featured_media":63103,"comment_status":"open","ping_status":"open","sticky":false,"template":"","format":"standard","meta":[],"categories":[59],"tags":[],"_links":{"self":[{"href":"http:\/\/noticiastelered.com\/PortalDNoticias\/wp-json\/wp\/v2\/posts\/63101"}],"collection":[{"href":"http:\/\/noticiastelered.com\/PortalDNoticias\/wp-json\/wp\/v2\/posts"}],"about":[{"href":"http:\/\/noticiastelered.com\/PortalDNoticias\/wp-json\/wp\/v2\/types\/post"}],"author":[{"embeddable":true,"href":"http:\/\/noticiastelered.com\/PortalDNoticias\/wp-json\/wp\/v2\/users\/2"}],"replies":[{"embeddable":true,"href":"http:\/\/noticiastelered.com\/PortalDNoticias\/wp-json\/wp\/v2\/comments?post=63101"}],"version-history":[{"count":1,"href":"http:\/\/noticiastelered.com\/PortalDNoticias\/wp-json\/wp\/v2\/posts\/63101\/revisions"}],"predecessor-version":[{"id":63104,"href":"http:\/\/noticiastelered.com\/PortalDNoticias\/wp-json\/wp\/v2\/posts\/63101\/revisions\/63104"}],"wp:featuredmedia":[{"embeddable":true,"href":"http:\/\/noticiastelered.com\/PortalDNoticias\/wp-json\/wp\/v2\/media\/63103"}],"wp:attachment":[{"href":"http:\/\/noticiastelered.com\/PortalDNoticias\/wp-json\/wp\/v2\/media?parent=63101"}],"wp:term":[{"taxonomy":"category","embeddable":true,"href":"http:\/\/noticiastelered.com\/PortalDNoticias\/wp-json\/wp\/v2\/categories?post=63101"},{"taxonomy":"post_tag","embeddable":true,"href":"http:\/\/noticiastelered.com\/PortalDNoticias\/wp-json\/wp\/v2\/tags?post=63101"}],"curies":[{"name":"wp","href":"https:\/\/api.w.org\/{rel}","templated":true}]}}