{"id":6310,"date":"2020-06-30T01:55:02","date_gmt":"2020-06-30T01:55:02","guid":{"rendered":"http:\/\/noticiastelered.com\/PortalDNoticias\/?p=6310"},"modified":"2020-06-30T01:55:04","modified_gmt":"2020-06-30T01:55:04","slug":"apoyaran-para-el-regreso-a-clases-con-utiles-escolares","status":"publish","type":"post","link":"http:\/\/noticiastelered.com\/PortalDNoticias\/apoyaran-para-el-regreso-a-clases-con-utiles-escolares\/","title":{"rendered":"Apoyar\u00e1n para el regreso a clases con \u00fatiles escolares"},"content":{"rendered":"<p>Redacci\u00f3n<br \/>\nNoticias Telered<\/p>\n<p>Los m\u00e1s de 70 mil paquetes que entregar\u00e1n a los y las ni\u00f1os y j\u00f3venes tienen una inversi\u00f3n de 25 millones de pesos<\/p>\n<p>Gobierno Municipal anunci\u00f3 que dotar\u00e1 de \u00fatiles escolares, mochilas y loncheras a estudiantes de educaci\u00f3n b\u00e1sica y educaci\u00f3n especial en el pr\u00f3ximo ciclo escolar, para reducir la carga econ\u00f3mica a los padres de familia.<\/p>\n<p>En conferencia de prensa virtual, el presidente municipal Enrique Rivas asegur\u00f3 que ya se  compr\u00f3 el material que se entregar\u00e1 a las y los m\u00e1s de 70 mil ni\u00f1os y j\u00f3venes estudiantes.<\/p>\n<p>Agreg\u00f3 que este apoyo se otorgar\u00e1 para aminorar la carga econ\u00f3mica a las familias neolaredenses que se encuentran en crisis, derivado del cierre de negocios y p\u00e9rdida de empleo por la pandemia del Covid-19<\/p>\n<p>\u201cHemos concretado ya la adquisici\u00f3n  de las mochilas y loncheras con \u00fatiles escolares que ser\u00e1n entregados a m\u00e1s de 70 mil estudiantes de preescolar, primaria, secundaria y educaci\u00f3n especial de la ciudad con una inversi\u00f3n  de 25 millones de pesos\u201d, reiter\u00f3 el alcalde.<\/p>\n<p>Dijo que el gobierno municipal es consciente de que a las familias m\u00e1s vulnerables les agobia primero, \u201cla preocupaci\u00f3n por la salud de sus hijas e hijos y luego, la cuesti\u00f3n econ\u00f3mica para que ellos puedan continuar sus estudios sin tantos apuros\u201d.<\/p>\n<p>Rivas Cu\u00e9llar asegur\u00f3 que estos \u00fatiles, sin lugar a duda ser\u00e1n de gran apoyo para la econom\u00eda familiar, pues los padres de familia, ya no tendr\u00e1n que preocuparse por la compra de estos materiales y art\u00edculos en el siguiente ciclo escolar.<\/p>\n<p>Los paquetes de \u00fatiles para nivel preescolar est\u00e1n conformados con: tijeras, caja de crayones, l\u00e1piz adhesivo, cuaderno italiano de cuadro y de raya, lonchera de pl\u00e1stico; y los paquetes para alumnos de primaria y secundaria contienen cuadernos profesionales de cuadro y raya, caja de colores, l\u00e1piz adhesivo, sacapuntas, borrador de goma, bol\u00edgrafos, l\u00e1piz blanco, l\u00e1piz bicolor y mochila escolar.<\/p>\n<p><!-- Composite Start --><\/p>\n<div id=\"M240110ScriptRootC290005\">\n<div id=\"M240110PreloadC290005\"> Loading&#8230;<\/div>\n<p><script> (function(){ var D=new Date(),d=document,b='body',ce='createElement',ac='appendChild',st='style',ds='display',n='none',gi='getElementById',lp=d.location.protocol,wp=lp.indexOf('http')==0?lp:'https:'; var i=d[ce]('iframe');i[st][ds]=n;d[gi](\"M240110ScriptRootC290005\")[ac](i);try{var iw=i.contentWindow.document;iw.open();iw.writeln(\"<ht\"+\"ml><bo\"+\"dy><\/bo\"+\"dy><\/ht\"+\"ml>\");iw.close();var c=iw[b];} catch(e){var iw=d;var c=d[gi](\"M240110ScriptRootC290005\");}var dv=iw[ce]('div');dv.id=\"MG_ID\";dv[st][ds]=n;dv.innerHTML=290005;c[ac](dv); var s=iw[ce]('script');s.async='async';s.defer='defer';s.charset='utf-8';s.src=wp+\"\/\/jsc.mgid.com\/n\/o\/noticiastelered.com.290005.js?t=\"+D.getYear()+D.getMonth()+D.getUTCDate()+D.getUTCHours();c[ac](s);})(); <\/script><\/p>\n<\/div>\n<p><!-- Composite End --><\/p>\n","protected":false},"excerpt":{"rendered":"<p>Redacci\u00f3n Noticias Telered Los m\u00e1s de 70 mil paquetes que entregar\u00e1n a los y las ni\u00f1os y j\u00f3venes tienen una inversi\u00f3n de 25 millones de pesos Gobierno Municipal anunci\u00f3 que dotar\u00e1 de \u00fatiles escolares, mochilas y loncheras a estudiantes de [&hellip;]<\/p>\n","protected":false},"author":3,"featured_media":6312,"comment_status":"open","ping_status":"open","sticky":false,"template":"","format":"standard","meta":[],"categories":[63],"tags":[],"_links":{"self":[{"href":"http:\/\/noticiastelered.com\/PortalDNoticias\/wp-json\/wp\/v2\/posts\/6310"}],"collection":[{"href":"http:\/\/noticiastelered.com\/PortalDNoticias\/wp-json\/wp\/v2\/posts"}],"about":[{"href":"http:\/\/noticiastelered.com\/PortalDNoticias\/wp-json\/wp\/v2\/types\/post"}],"author":[{"embeddable":true,"href":"http:\/\/noticiastelered.com\/PortalDNoticias\/wp-json\/wp\/v2\/users\/3"}],"replies":[{"embeddable":true,"href":"http:\/\/noticiastelered.com\/PortalDNoticias\/wp-json\/wp\/v2\/comments?post=6310"}],"version-history":[{"count":1,"href":"http:\/\/noticiastelered.com\/PortalDNoticias\/wp-json\/wp\/v2\/posts\/6310\/revisions"}],"predecessor-version":[{"id":6313,"href":"http:\/\/noticiastelered.com\/PortalDNoticias\/wp-json\/wp\/v2\/posts\/6310\/revisions\/6313"}],"wp:featuredmedia":[{"embeddable":true,"href":"http:\/\/noticiastelered.com\/PortalDNoticias\/wp-json\/wp\/v2\/media\/6312"}],"wp:attachment":[{"href":"http:\/\/noticiastelered.com\/PortalDNoticias\/wp-json\/wp\/v2\/media?parent=6310"}],"wp:term":[{"taxonomy":"category","embeddable":true,"href":"http:\/\/noticiastelered.com\/PortalDNoticias\/wp-json\/wp\/v2\/categories?post=6310"},{"taxonomy":"post_tag","embeddable":true,"href":"http:\/\/noticiastelered.com\/PortalDNoticias\/wp-json\/wp\/v2\/tags?post=6310"}],"curies":[{"name":"wp","href":"https:\/\/api.w.org\/{rel}","templated":true}]}}