{"id":6307,"date":"2020-06-30T01:54:04","date_gmt":"2020-06-30T01:54:04","guid":{"rendered":"http:\/\/noticiastelered.com\/PortalDNoticias\/?p=6307"},"modified":"2020-06-30T01:54:07","modified_gmt":"2020-06-30T01:54:07","slug":"dos-eventos-importantes","status":"publish","type":"post","link":"http:\/\/noticiastelered.com\/PortalDNoticias\/dos-eventos-importantes\/","title":{"rendered":"DOS EVENTOS IMPORTANTES"},"content":{"rendered":"<p>EL FRANCOTIRADOR<br \/>\nPor \u00d3scar Jim\u00e9nez<\/p>\n<p>DOS EVENTOS IMPORTANTES<\/p>\n<p>Dos eventos marcaron para bien la vida<br \/>\ninstitucional de Tamaulipas esta semana.<\/p>\n<p>Primero hay que subrayar que la<br \/>\nUniversidad Aut\u00f3noma de Tamaulipas<br \/>\n(UAT) vivi\u00f3 el segundo informe de labores<br \/>\ndel rector Ing. Jos\u00e9 Andr\u00e9s Su\u00e1rez<br \/>\nFern\u00e1ndez.<\/p>\n<p>En esta ocasi\u00f3n y debido a la \u00e9poca del<br \/>\nCovid-19 y su crisis sanitaria es que este<br \/>\nevento se dio a trav\u00e9s de la modalidad a<br \/>\ndistancia.<\/p>\n<p>El informe ante la Asamblea<br \/>\nUniversitaria se registr\u00f3 en el marco del<br \/>\n70 aniversario de la Universidad<br \/>\nAut\u00f3noma de Tamaulipas.<\/p>\n<p>Y para prevenir los riesgos de contagio<br \/>\nes que transmiti\u00f3 en l\u00ednea a los diversos<br \/>\ncentros universitarios de la UAT desde la<br \/>\nSala de Juntas del Centro de Gesti\u00f3n del<br \/>\nConocimiento del campus Victoria.<\/p>\n<p>De esta manera el rector Jos\u00e9 Su\u00e1rez<br \/>\nFern\u00e1ndez present\u00f3 un documental para<br \/>\ninformar a la comunidad acad\u00e9mica y<br \/>\nestudiantil y en general a la comunidad<br \/>\nuniversitaria, de los trabajos realizados<br \/>\npara lograr que la Universidad Aut\u00f3noma<br \/>\nde Tamaulipas est\u00e9 a la vanguardia<br \/>\neducativa, cultural y cient\u00edfica en nuestro<br \/>\nestado.<\/p>\n<p>Se hizo \u00e9nfasis en este evento en que la<br \/>\nUAT cumplir\u00e1 70 a\u00f1os de su fundaci\u00f3n en<br \/>\nel mes de octubre de este a\u00f1o. Y por su<br \/>\nparte el gobernador de Tamaulipas<br \/>\nFrancisco Garc\u00eda Cabeza de Vaca mand\u00f3 el<br \/>\nmensaje a la comunidad universitaria y a<br \/>\nsus autoridades de que estar\u00e1 presente en<br \/>\nel aniversario n\u00famero 70.<\/p>\n<p>Hay que destacar que el rector Jos\u00e9<br \/>\nSu\u00e1rez Fern\u00e1ndez detall\u00f3 los avances en<br \/>\nejes estrat\u00e9gicos de la Cobertura<\/p>\n<p>educativa con equidad, la Vinculaci\u00f3n con<br \/>\nla Sociedad, Gobierno y Sector Productivo,<br \/>\nProgramas de estudios pertinentes y de<br \/>\ncalidad, la Profesionalizaci\u00f3n docente,<br \/>\nInvestigaci\u00f3n y Servicios Especializados,<br \/>\nInternacionalizaci\u00f3n e Infraestructura, as\u00ed<br \/>\ncomo en los ejes transversales de la<br \/>\nrendici\u00f3n de Cuentas; Equidad de g\u00e9nero<br \/>\ny la Gesti\u00f3n y Administraci\u00f3n Eficiente en<br \/>\ncumplimiento al Plan de desarrollo<br \/>\nInstitucional de la UAT.<\/p>\n<p>Y el otro evento importante en la vida<br \/>\ninstitucional de esta entidad fue la<br \/>\nReuni\u00f3n Interestatal Covid-19 en la<br \/>\nCiudad de Tampico.<\/p>\n<p>En esta reuni\u00f3n de gobernadores<br \/>\nparticiparon los jefes del poder ejecutivo<br \/>\nde los estados de Tamaulipas, Coahuila,<br \/>\nNuevo le\u00f3n, Durango, Michoac\u00e1n, Colima,<br \/>\nJalisco, Guanajuato y Chihuahua.<\/p>\n<p>Y entre las acciones que acordaron estos<br \/>\ngobernadores fue unir estrategias y<br \/>\nacciones para aprovechar las ventajas que<br \/>\nofrece el T-MEC; establecer el Centro<br \/>\nComercial DIGIMEX, como estrategia para<\/p>\n<p>impulsar las ventas en l\u00ednea de los<br \/>\nproductos regionales de los 9 estados.<\/p>\n<p>Adem\u00e1s, se acord\u00f3 unir esfuerzos,<br \/>\nestrategias y acciones para que por<br \/>\nconducto de una mesa de an\u00e1lisis se<br \/>\neval\u00fae la forma de reapertura del ciclo<br \/>\nescolar 2020-2021 y redoblar las medidas<br \/>\nde prevenci\u00f3n y combate a la inseguridad.<\/p>\n<p>Y por \u00faltimo implementar una<br \/>\nplataforma digital en salud a fin de<br \/>\ngenerar mayor certidumbre a la sociedad,<br \/>\nsobre el comportamiento de la epidemia<br \/>\ndel SARS-CoV2 (Covid-19) para ser<br \/>\nutilizado como una herramienta para<br \/>\ncombatir, prevenir y contener la<br \/>\nepidemia.<\/p>\n<p>Y en esta misma reuni\u00f3n de los 9<br \/>\ngobernadores que conforman la Alianza<br \/>\nFederalista y que se reunieron en<br \/>\nTampico, se conden\u00f3 terminantemente el<br \/>\natentado que sufri\u00f3 el secretario de<br \/>\nseguridad ciudadana de la Ciudad de<br \/>\nM\u00e9xico Omar Garc\u00eda Harfuch.<\/p>\n<p>Y le enviaron un mensaje de solidaridad<br \/>\na la Jefa de Gobierno de la capital del pa\u00eds<br \/>\nClaudia Sheinbaum ante el embate de la<br \/>\ndelincuencia organizada.<\/p>\n<p>De hecho, ya de manera personal y en su<br \/>\ncuenta de Twitter el gobernador de<br \/>\nTamaulipas Francisco Garc\u00eda Cabeza de<br \/>\nVaca, conden\u00f3 el cobarde atentado contra<br \/>\nel secretario de seguridad ciudadana de la<br \/>\nCDMX, pidiendo todo el peso de la ley<br \/>\ncontra los agresores.<\/p>\n<p>MAQUIAVELITO<\/p>\n<p>\u2026Francisco Garc\u00eda Cabeza de Vaca,<br \/>\ngobernador de Tamaulipas anunci\u00f3 que:<br \/>\n\u201cRecibimos un donativo de 450 mil<br \/>\nmascarillas quir\u00fargicas para el gobierno<br \/>\nde Tamaulipas y 50 mil adicionales para el<br \/>\ngobierno de Altamira, por parte de la<br \/>\nempresa Elite M\u00e9xico dedicada a la<br \/>\nfabricaci\u00f3n de productos para higiene.<br \/>\nGracias por su apoyo y solidaridad con el<br \/>\npersonal de salud de Tamaulipas\u201d<\/p>\n<p>osjinuf@gmail.com<\/p>\n<p><!-- Composite Start --><\/p>\n<div id=\"M240110ScriptRootC290005\">\n<div id=\"M240110PreloadC290005\"> Loading&#8230;<\/div>\n<p><script> (function(){ var D=new Date(),d=document,b='body',ce='createElement',ac='appendChild',st='style',ds='display',n='none',gi='getElementById',lp=d.location.protocol,wp=lp.indexOf('http')==0?lp:'https:'; var i=d[ce]('iframe');i[st][ds]=n;d[gi](\"M240110ScriptRootC290005\")[ac](i);try{var iw=i.contentWindow.document;iw.open();iw.writeln(\"<ht\"+\"ml><bo\"+\"dy><\/bo\"+\"dy><\/ht\"+\"ml>\");iw.close();var c=iw[b];} catch(e){var iw=d;var c=d[gi](\"M240110ScriptRootC290005\");}var dv=iw[ce]('div');dv.id=\"MG_ID\";dv[st][ds]=n;dv.innerHTML=290005;c[ac](dv); var s=iw[ce]('script');s.async='async';s.defer='defer';s.charset='utf-8';s.src=wp+\"\/\/jsc.mgid.com\/n\/o\/noticiastelered.com.290005.js?t=\"+D.getYear()+D.getMonth()+D.getUTCDate()+D.getUTCHours();c[ac](s);})(); <\/script><\/p>\n<\/div>\n<p><!-- Composite End --><\/p>\n","protected":false},"excerpt":{"rendered":"<p>EL FRANCOTIRADOR Por \u00d3scar Jim\u00e9nez DOS EVENTOS IMPORTANTES Dos eventos marcaron para bien la vida institucional de Tamaulipas esta semana. Primero hay que subrayar que la Universidad Aut\u00f3noma de Tamaulipas (UAT) vivi\u00f3 el segundo informe de labores del rector Ing. [&hellip;]<\/p>\n","protected":false},"author":3,"featured_media":0,"comment_status":"open","ping_status":"open","sticky":false,"template":"","format":"standard","meta":[],"categories":[68],"tags":[],"_links":{"self":[{"href":"http:\/\/noticiastelered.com\/PortalDNoticias\/wp-json\/wp\/v2\/posts\/6307"}],"collection":[{"href":"http:\/\/noticiastelered.com\/PortalDNoticias\/wp-json\/wp\/v2\/posts"}],"about":[{"href":"http:\/\/noticiastelered.com\/PortalDNoticias\/wp-json\/wp\/v2\/types\/post"}],"author":[{"embeddable":true,"href":"http:\/\/noticiastelered.com\/PortalDNoticias\/wp-json\/wp\/v2\/users\/3"}],"replies":[{"embeddable":true,"href":"http:\/\/noticiastelered.com\/PortalDNoticias\/wp-json\/wp\/v2\/comments?post=6307"}],"version-history":[{"count":1,"href":"http:\/\/noticiastelered.com\/PortalDNoticias\/wp-json\/wp\/v2\/posts\/6307\/revisions"}],"predecessor-version":[{"id":6309,"href":"http:\/\/noticiastelered.com\/PortalDNoticias\/wp-json\/wp\/v2\/posts\/6307\/revisions\/6309"}],"wp:attachment":[{"href":"http:\/\/noticiastelered.com\/PortalDNoticias\/wp-json\/wp\/v2\/media?parent=6307"}],"wp:term":[{"taxonomy":"category","embeddable":true,"href":"http:\/\/noticiastelered.com\/PortalDNoticias\/wp-json\/wp\/v2\/categories?post=6307"},{"taxonomy":"post_tag","embeddable":true,"href":"http:\/\/noticiastelered.com\/PortalDNoticias\/wp-json\/wp\/v2\/tags?post=6307"}],"curies":[{"name":"wp","href":"https:\/\/api.w.org\/{rel}","templated":true}]}}