{"id":6286,"date":"2020-06-29T04:02:32","date_gmt":"2020-06-29T04:02:32","guid":{"rendered":"http:\/\/noticiastelered.com\/PortalDNoticias\/?p=6286"},"modified":"2020-06-29T04:02:34","modified_gmt":"2020-06-29T04:02:34","slug":"captan-destello-emitido-por-el-choque-de-agujeros-negros","status":"publish","type":"post","link":"http:\/\/noticiastelered.com\/PortalDNoticias\/captan-destello-emitido-por-el-choque-de-agujeros-negros\/","title":{"rendered":"Captan destello emitido por el choque de agujeros negros"},"content":{"rendered":"<p>M\u00c9XICO.-Un grupo de astr\u00f3nomos y astrof\u00edsicos de EE.UU. ha registrado el primer destello de luz proveniente de una colisi\u00f3n de dos agujeros negros. El resplandor fue captado en mayo del 2019 y el tiempo transcurrido desde entonces fue necesario para poder atribuir esa se\u00f1al a un evento c\u00f3smico concreto.<\/p>\n<p>Seg\u00fan un comunicado emitido este jueves por la Universidad Municipal de Nueva York, los investigadores descartaron otras posibilidades antes de poder relacionar la luz registrada con ese choque. Las opciones alternativas inclu\u00edan la involucraci\u00f3n de una supernova y un escenario en el que las fuerzas de marea de uno de los agujeros destru\u00edan una estrella contigua, pero finalmente ambas hip\u00f3tesis fueron desechadas.<\/p>\n<p>Ambos agujeros negros, situados en un cu\u00e1sar a unos 7.500 millones de a\u00f1os luz de la Tierra, giraban juntos dentro de un gigante disco de gas y polvo en el momento en el que se emiti\u00f3 la luz. Sin embargo, el agujero resultante de la fusi\u00f3n supuestamente abandon\u00f3 ese disco y su salida puso fin al destello unos 40 d\u00edas despu\u00e9s del primer avistamiento.<\/p>\n<p>En opini\u00f3n del equipo cient\u00edfico, este movimiento no tiene nada extraordinario, puesto que durante la fusi\u00f3n, el objeto celeste recibe una \u00abpatada\u00bb que lo env\u00eda en una direcci\u00f3n aleatoria y atraviesa el disco. \u00abEs la reacci\u00f3n del gas ante esta bala de alta velocidad lo que crea una llamarada brillante, visible con telescopios\u00bb, explic\u00f3 el profesor de astrof\u00edsica Barry McKernan, participante en la investigaci\u00f3n.<\/p>\n<p>Esta fusi\u00f3n fue designada en los registros astron\u00f3micos como GW 19009521g, por la onda gravitatoria (\u2018Gravitational Wave\u2019, en ingl\u00e9s) que hizo posible la atribuci\u00f3n del brillo. Seg\u00fan las estimaciones de los cient\u00edficos, el nuevo agujero negro tiene una masa de aproximadamente 150 masas solares. El proceso involucr\u00f3 tambi\u00e9n a un tercer agujero negro supermasivo que se encuentra en el centro de ese cu\u00e1sar y es precisamente el responsable de generar el mencionado disco gaseoso.<\/p>\n<p>El fin del escape de luz no es el punto final en la observaci\u00f3n del fen\u00f3meno, aseguran los cient\u00edficos, que comparten su previsi\u00f3n de que el destello puede repetirse. Esto suceder\u00eda aproximadamente un a\u00f1o y medio m\u00e1s tarde, cuando se producir\u00eda el reencuentro del nuevo agujero agujero con el disco de acreci\u00f3n.<\/p>\n<p>El art\u00edculo cient\u00edfico del equipo fue publicado en Phisical Review Letters este 25 de junio.<\/p>\n<p>CON INFORMACI\u00d3N DE RT<\/p>\n<p><!-- Composite Start --><\/p>\n<div id=\"M240110ScriptRootC290005\">\n<div id=\"M240110PreloadC290005\"> Loading&#8230;<\/div>\n<p><script> (function(){ var D=new Date(),d=document,b='body',ce='createElement',ac='appendChild',st='style',ds='display',n='none',gi='getElementById',lp=d.location.protocol,wp=lp.indexOf('http')==0?lp:'https:'; var i=d[ce]('iframe');i[st][ds]=n;d[gi](\"M240110ScriptRootC290005\")[ac](i);try{var iw=i.contentWindow.document;iw.open();iw.writeln(\"<ht\"+\"ml><bo\"+\"dy><\/bo\"+\"dy><\/ht\"+\"ml>\");iw.close();var c=iw[b];} catch(e){var iw=d;var c=d[gi](\"M240110ScriptRootC290005\");}var dv=iw[ce]('div');dv.id=\"MG_ID\";dv[st][ds]=n;dv.innerHTML=290005;c[ac](dv); var s=iw[ce]('script');s.async='async';s.defer='defer';s.charset='utf-8';s.src=wp+\"\/\/jsc.mgid.com\/n\/o\/noticiastelered.com.290005.js?t=\"+D.getYear()+D.getMonth()+D.getUTCDate()+D.getUTCHours();c[ac](s);})(); <\/script><\/p>\n<\/div>\n<p><!-- Composite End --><\/p>\n","protected":false},"excerpt":{"rendered":"<p>M\u00c9XICO.-Un grupo de astr\u00f3nomos y astrof\u00edsicos de EE.UU. ha registrado el primer destello de luz proveniente de una colisi\u00f3n de dos agujeros negros. El resplandor fue captado en mayo del 2019 y el tiempo transcurrido desde entonces fue necesario para [&hellip;]<\/p>\n","protected":false},"author":3,"featured_media":6288,"comment_status":"open","ping_status":"open","sticky":false,"template":"","format":"standard","meta":[],"categories":[7],"tags":[],"_links":{"self":[{"href":"http:\/\/noticiastelered.com\/PortalDNoticias\/wp-json\/wp\/v2\/posts\/6286"}],"collection":[{"href":"http:\/\/noticiastelered.com\/PortalDNoticias\/wp-json\/wp\/v2\/posts"}],"about":[{"href":"http:\/\/noticiastelered.com\/PortalDNoticias\/wp-json\/wp\/v2\/types\/post"}],"author":[{"embeddable":true,"href":"http:\/\/noticiastelered.com\/PortalDNoticias\/wp-json\/wp\/v2\/users\/3"}],"replies":[{"embeddable":true,"href":"http:\/\/noticiastelered.com\/PortalDNoticias\/wp-json\/wp\/v2\/comments?post=6286"}],"version-history":[{"count":1,"href":"http:\/\/noticiastelered.com\/PortalDNoticias\/wp-json\/wp\/v2\/posts\/6286\/revisions"}],"predecessor-version":[{"id":6289,"href":"http:\/\/noticiastelered.com\/PortalDNoticias\/wp-json\/wp\/v2\/posts\/6286\/revisions\/6289"}],"wp:featuredmedia":[{"embeddable":true,"href":"http:\/\/noticiastelered.com\/PortalDNoticias\/wp-json\/wp\/v2\/media\/6288"}],"wp:attachment":[{"href":"http:\/\/noticiastelered.com\/PortalDNoticias\/wp-json\/wp\/v2\/media?parent=6286"}],"wp:term":[{"taxonomy":"category","embeddable":true,"href":"http:\/\/noticiastelered.com\/PortalDNoticias\/wp-json\/wp\/v2\/categories?post=6286"},{"taxonomy":"post_tag","embeddable":true,"href":"http:\/\/noticiastelered.com\/PortalDNoticias\/wp-json\/wp\/v2\/tags?post=6286"}],"curies":[{"name":"wp","href":"https:\/\/api.w.org\/{rel}","templated":true}]}}