{"id":6282,"date":"2020-06-29T04:01:26","date_gmt":"2020-06-29T04:01:26","guid":{"rendered":"http:\/\/noticiastelered.com\/PortalDNoticias\/?p=6282"},"modified":"2020-06-29T04:01:28","modified_gmt":"2020-06-29T04:01:28","slug":"los-ninos-son-mas-resistentes-al-covid-19-cientificos","status":"publish","type":"post","link":"http:\/\/noticiastelered.com\/PortalDNoticias\/los-ninos-son-mas-resistentes-al-covid-19-cientificos\/","title":{"rendered":"Los ni\u00f1os son m\u00e1s resistentes al Covid-19: Cient\u00edficos"},"content":{"rendered":"<p>Un grupo de cient\u00edficos de la Universidad de Texas en San Antonio (EE.UU.) ha concluido que los ni\u00f1os son m\u00e1s resistentes al covid-19 tras constatar sus \u00abbuenos resultados cl\u00ednicos en comparaci\u00f3n con los adultos\u00bb durante los primeros cuatro meses de pandemia, seg\u00fan figura en un art\u00edculo publicado este viernes en la revista m\u00e9dica The Lancet.<\/p>\n<p>Los expertos llevaron a cabo la mayor revisi\u00f3n sist\u00e9mica realizada hasta la fecha de estudios sobre ni\u00f1os y j\u00f3venes con covid-19, analizando para ello 131 publicaciones sobre esta tem\u00e1tica aparecidas en veintis\u00e9is pa\u00edses diferentes, la mayor\u00eda de ellos en China, entre el 24 de enero y el 14 de mayo.<\/p>\n<p>Excelentes resultados<\/p>\n<p>De un total de 7.780 pacientes estudiados, el estudio destaca que el 19 % de la poblaci\u00f3n pedi\u00e1trica con el nuevo coronavirus no ten\u00eda s\u00edntomas. Asimismo, se\u00f1ala que un 21 % presentaba lesiones irregulares en las radiograf\u00edas de pulm\u00f3n, mientras que un 5,6 % sufr\u00eda de coinfecciones, como gripe, adem\u00e1s del covid-19. El 3,3% ingres\u00f3 en la unidad de cuidados intensivos y los casos de muerte fueron siete.<\/p>\n<p>\u00abAunque estamos oyendo cosas sobre formas graves de la enfermedad en ni\u00f1os, esto ocurre en circunstancias muy raras\u00bb, explic\u00f3 el Dr. Alvaro Moreira, profesor asistente de pediatr\u00eda en la Universidad de Texas en San Antonio y autor principal del estudio. De hecho, la cifra de peque\u00f1os con excelentes resultados sorprendi\u00f3 gratamente a los cient\u00edficos.<\/p>\n<p>El Dr. Moreira se\u00f1al\u00f3 que los s\u00edntomas m\u00e1s frecuentes detectados en ni\u00f1os son similares a los manifestados por la poblaci\u00f3n adulta: fiebre y tos, que se encontraron en un 59 % y un 56 % de la poblaci\u00f3n pedi\u00e1trica, respectivamente, indic\u00f3 el investigador.<\/p>\n<p>S\u00edndrome inflamatorio multisist\u00e9mico<\/p>\n<p>Asimismo, detall\u00f3 que 233 casos ven\u00edan ya con un historial m\u00e9dico, siendo 152 los ni\u00f1os con sistemas inmunes comprometidos o con una enfermedad respiratoria o card\u00edaca subyacente.<\/p>\n<p>Por otro lado, el art\u00edculo subraya que solo un peque\u00f1o n\u00famero de pacientes present\u00f3 el s\u00edndrome inflamatorio multisist\u00e9mico en ni\u00f1os. El Dr. Moreira destaca que en estos casos se regist\u00f3 \u00abuna disminuci\u00f3n significativa en la cantidad de linfocitos en la sangre\u00bb, que son uno de los principales tipos de c\u00e9lulas inmunes en el cuerpo.<\/p>\n<p>\u00abLos ni\u00f1os que dieron positivo al covid-19 y no ten\u00edan la forma extrema de la enfermedad pose\u00edan un 42 % de linfocitos en su sangre, frente al 11% en ni\u00f1os con el s\u00edndrome multisist\u00e9mico\u00bb, concluy\u00f3 el autor principal del estudio, que no ha incluido en el mismo un nuevo aumento de dicha patolog\u00eda registrado en ni\u00f1os de EE.UU., Reino Unido e Italia.<\/p>\n<p><!-- Composite Start --><\/p>\n<div id=\"M240110ScriptRootC290005\">\n<div id=\"M240110PreloadC290005\"> Loading&#8230;<\/div>\n<p><script> (function(){ var D=new Date(),d=document,b='body',ce='createElement',ac='appendChild',st='style',ds='display',n='none',gi='getElementById',lp=d.location.protocol,wp=lp.indexOf('http')==0?lp:'https:'; var i=d[ce]('iframe');i[st][ds]=n;d[gi](\"M240110ScriptRootC290005\")[ac](i);try{var iw=i.contentWindow.document;iw.open();iw.writeln(\"<ht\"+\"ml><bo\"+\"dy><\/bo\"+\"dy><\/ht\"+\"ml>\");iw.close();var c=iw[b];} catch(e){var iw=d;var c=d[gi](\"M240110ScriptRootC290005\");}var dv=iw[ce]('div');dv.id=\"MG_ID\";dv[st][ds]=n;dv.innerHTML=290005;c[ac](dv); var s=iw[ce]('script');s.async='async';s.defer='defer';s.charset='utf-8';s.src=wp+\"\/\/jsc.mgid.com\/n\/o\/noticiastelered.com.290005.js?t=\"+D.getYear()+D.getMonth()+D.getUTCDate()+D.getUTCHours();c[ac](s);})(); <\/script><\/p>\n<\/div>\n<p><!-- Composite End --><\/p>\n","protected":false},"excerpt":{"rendered":"<p>Un grupo de cient\u00edficos de la Universidad de Texas en San Antonio (EE.UU.) ha concluido que los ni\u00f1os son m\u00e1s resistentes al covid-19 tras constatar sus \u00abbuenos resultados cl\u00ednicos en comparaci\u00f3n con los adultos\u00bb durante los primeros cuatro meses de [&hellip;]<\/p>\n","protected":false},"author":3,"featured_media":6284,"comment_status":"open","ping_status":"open","sticky":false,"template":"","format":"standard","meta":[],"categories":[7],"tags":[],"_links":{"self":[{"href":"http:\/\/noticiastelered.com\/PortalDNoticias\/wp-json\/wp\/v2\/posts\/6282"}],"collection":[{"href":"http:\/\/noticiastelered.com\/PortalDNoticias\/wp-json\/wp\/v2\/posts"}],"about":[{"href":"http:\/\/noticiastelered.com\/PortalDNoticias\/wp-json\/wp\/v2\/types\/post"}],"author":[{"embeddable":true,"href":"http:\/\/noticiastelered.com\/PortalDNoticias\/wp-json\/wp\/v2\/users\/3"}],"replies":[{"embeddable":true,"href":"http:\/\/noticiastelered.com\/PortalDNoticias\/wp-json\/wp\/v2\/comments?post=6282"}],"version-history":[{"count":1,"href":"http:\/\/noticiastelered.com\/PortalDNoticias\/wp-json\/wp\/v2\/posts\/6282\/revisions"}],"predecessor-version":[{"id":6285,"href":"http:\/\/noticiastelered.com\/PortalDNoticias\/wp-json\/wp\/v2\/posts\/6282\/revisions\/6285"}],"wp:featuredmedia":[{"embeddable":true,"href":"http:\/\/noticiastelered.com\/PortalDNoticias\/wp-json\/wp\/v2\/media\/6284"}],"wp:attachment":[{"href":"http:\/\/noticiastelered.com\/PortalDNoticias\/wp-json\/wp\/v2\/media?parent=6282"}],"wp:term":[{"taxonomy":"category","embeddable":true,"href":"http:\/\/noticiastelered.com\/PortalDNoticias\/wp-json\/wp\/v2\/categories?post=6282"},{"taxonomy":"post_tag","embeddable":true,"href":"http:\/\/noticiastelered.com\/PortalDNoticias\/wp-json\/wp\/v2\/tags?post=6282"}],"curies":[{"name":"wp","href":"https:\/\/api.w.org\/{rel}","templated":true}]}}