{"id":62111,"date":"2022-12-22T19:35:11","date_gmt":"2022-12-22T19:35:11","guid":{"rendered":"http:\/\/noticiastelered.com\/PortalDNoticias\/?p=62111"},"modified":"2022-12-22T19:35:12","modified_gmt":"2022-12-22T19:35:12","slug":"edson-zuniga-asegura-que-el-padre-de-debanhi-pidio-dinero-a-platanito","status":"publish","type":"post","link":"http:\/\/noticiastelered.com\/PortalDNoticias\/edson-zuniga-asegura-que-el-padre-de-debanhi-pidio-dinero-a-platanito\/","title":{"rendered":"Edson Z\u00fa\u00f1iga asegura que el padre de Debanhi pidi\u00f3 dinero a Platanito"},"content":{"rendered":"<p>En una reciente entrevista con Adela Micha, el comediante Edson Z\u00fa\u00f1iga, habl\u00f3 sobre la cancelaci\u00f3n de Platanito por el chiste que hizo sobre la muerte de Debanhi Escobar.<\/p>\n<p>Durante la conversaci\u00f3n, el comediante declar\u00f3 que la familia de Debanhi no deber\u00eda preocuparse por los chistes sino porque se haga justicia sobre su caso.<\/p>\n<p>\u201cYo creo que lo m\u00e1s preocupante es preocuparse por un chiste y no por una soluci\u00f3n\u201d, indic\u00f3 el comediante.<br \/>\nTe recomendamos<\/p>\n<p>El \u2018Compayito\u2019 asegur\u00f3 que incluso \u00e9l tambi\u00e9n hab\u00eda hecho chistes sobre el tema, con la \u00fanica diferencia de que \u00e9l no fue grabado.<\/p>\n<p>\u201cEst\u00e1bamos en El Cuev\u00f3n y se levantan dos mujeres al ba\u00f1o y les dije: \u2018tengan cuidado con las cisternas\u2019, punto\u201d, record\u00f3 uno de ellos.<br \/>\nAdem\u00e1s, aprovech\u00f3 para acusar al padre de Debanhi, Mario Escobar, de presuntamente haberle pedido un porcentaje a Platanito sobre sus shows.<\/p>\n<p>\u201cAcabo de trabajar con Sergio (Verduzco) y este se\u00f1or le estaba pidiendo un porcentaje de sus shows\u201d, dijo.<\/p>\n<p>Edson declar\u00f3 que debe de existir una separaci\u00f3n del humor y la realidad.<\/p>\n<p>Luego de dichas declaraciones, hasta el momento la familia de Debanhi no ha hablado sobre este tema, por lo que se est\u00e1 a la espera de su reacci\u00f3n.<\/p>\n<p><!-- \/wp:paragraph --><\/p>\n<p><!-- Composite Start --><\/p>\n<div id=\"M240110ScriptRootC290005\">\n<div id=\"M240110PreloadC290005\"> Loading&#8230;<\/div>\n<p><script> (function(){ var D=new Date(),d=document,b='body',ce='createElement',ac='appendChild',st='style',ds='display',n='none',gi='getElementById',lp=d.location.protocol,wp=lp.indexOf('http')==0?lp:'https:'; var i=d[ce]('iframe');i[st][ds]=n;d[gi](\"M240110ScriptRootC290005\")[ac](i);try{var iw=i.contentWindow.document;iw.open();iw.writeln(\"<ht\"+\"ml><bo\"+\"dy><\/bo\"+\"dy><\/ht\"+\"ml>\");iw.close();var c=iw[b];} catch(e){var iw=d;var c=d[gi](\"M240110ScriptRootC290005\");}var dv=iw[ce]('div');dv.id=\"MG_ID\";dv[st][ds]=n;dv.innerHTML=290005;c[ac](dv); var s=iw[ce]('script');s.async='async';s.defer='defer';s.charset='utf-8';s.src=wp+\"\/\/jsc.mgid.com\/n\/o\/noticiastelered.com.290005.js?t=\"+D.getYear()+D.getMonth()+D.getUTCDate()+D.getUTCHours();c[ac](s);})(); <\/script><\/p>\n<\/div>\n<p><!-- Composite End --><\/p>\n","protected":false},"excerpt":{"rendered":"<p>En una reciente entrevista con Adela Micha, el comediante Edson Z\u00fa\u00f1iga, habl\u00f3 sobre la cancelaci\u00f3n de Platanito por el chiste que hizo sobre la muerte de Debanhi Escobar. Durante la conversaci\u00f3n, el comediante declar\u00f3 que la familia de Debanhi no [&hellip;]<\/p>\n","protected":false},"author":2,"featured_media":62113,"comment_status":"open","ping_status":"open","sticky":false,"template":"","format":"standard","meta":[],"categories":[66],"tags":[],"_links":{"self":[{"href":"http:\/\/noticiastelered.com\/PortalDNoticias\/wp-json\/wp\/v2\/posts\/62111"}],"collection":[{"href":"http:\/\/noticiastelered.com\/PortalDNoticias\/wp-json\/wp\/v2\/posts"}],"about":[{"href":"http:\/\/noticiastelered.com\/PortalDNoticias\/wp-json\/wp\/v2\/types\/post"}],"author":[{"embeddable":true,"href":"http:\/\/noticiastelered.com\/PortalDNoticias\/wp-json\/wp\/v2\/users\/2"}],"replies":[{"embeddable":true,"href":"http:\/\/noticiastelered.com\/PortalDNoticias\/wp-json\/wp\/v2\/comments?post=62111"}],"version-history":[{"count":1,"href":"http:\/\/noticiastelered.com\/PortalDNoticias\/wp-json\/wp\/v2\/posts\/62111\/revisions"}],"predecessor-version":[{"id":62114,"href":"http:\/\/noticiastelered.com\/PortalDNoticias\/wp-json\/wp\/v2\/posts\/62111\/revisions\/62114"}],"wp:featuredmedia":[{"embeddable":true,"href":"http:\/\/noticiastelered.com\/PortalDNoticias\/wp-json\/wp\/v2\/media\/62113"}],"wp:attachment":[{"href":"http:\/\/noticiastelered.com\/PortalDNoticias\/wp-json\/wp\/v2\/media?parent=62111"}],"wp:term":[{"taxonomy":"category","embeddable":true,"href":"http:\/\/noticiastelered.com\/PortalDNoticias\/wp-json\/wp\/v2\/categories?post=62111"},{"taxonomy":"post_tag","embeddable":true,"href":"http:\/\/noticiastelered.com\/PortalDNoticias\/wp-json\/wp\/v2\/tags?post=62111"}],"curies":[{"name":"wp","href":"https:\/\/api.w.org\/{rel}","templated":true}]}}