{"id":62083,"date":"2022-12-20T21:58:02","date_gmt":"2022-12-20T21:58:02","guid":{"rendered":"http:\/\/noticiastelered.com\/PortalDNoticias\/?p=62083"},"modified":"2022-12-20T21:58:02","modified_gmt":"2022-12-20T21:58:02","slug":"canelo-alvarez-devela-su-estatua-de-bronce-en-jalisco","status":"publish","type":"post","link":"http:\/\/noticiastelered.com\/PortalDNoticias\/canelo-alvarez-devela-su-estatua-de-bronce-en-jalisco\/","title":{"rendered":"Canelo \u00c1lvarez devela su estatua de bronce en Jalisco"},"content":{"rendered":"\n<p>Con informaci\u00f3n de un medio local, en medio de ovaciones por parte de los presentes, Canelo recibi\u00f3 la Cruz de cantera de manos del alcalde.<\/p>\n\n\n\n<p>Dibde fue el presidente municipal Francisco de la Cerda quien interrumpi\u00f3 con unas palabras: &#8220;\u201cInauguramos este espacio que ser\u00e1 de concurrencia de juanacatlenses destacados. Agradezco a Roberto Campos por crear este muro\u201d, coment\u00f3 en su intervenci\u00f3n el presidente municipal.<\/p>\n\n\n\n<p>\u201cNo le cost\u00f3 un solo peso al municipio. Quiero aclarar que no se utiliz\u00f3 el erario. Quiero destacar que esta obra la hicieron posible amigas y amigos empresarios de la Zona Metropolitana de Guadalajara y de Juanacatl\u00e1n\u201d, explic\u00f3.<\/p>\n\n\n\n<p>Canelo \u00c1lvarez, a su vez, se dijo contento de recibir este reconocimiento: \u201cGracias a todos los que lo hicieron posible. Gracias a mi familia que siempre est\u00e1 apoy\u00e1ndome. A mi abuela que apenas puede y est\u00e1 aqu\u00ed. Un d\u00eda estaba aqu\u00ed como ustedes, en Juanacatl\u00e1n, pero con muchos sue\u00f1os de salir adelante y s\u00ed yo sal\u00ed, ustedes tambi\u00e9n pueden. Tiene sus sacrificios, pero vale la pena al final\u201d, coment\u00f3.<\/p>\n\n\n\n<p>\u201cYo quer\u00eda ser campe\u00f3n mundial, pero llegu\u00e9 mucho m\u00e1s lejos que eso. Nunca me imagin\u00e9 todo lo que iba a pasar, todo lo que he estado logrando\u201d.<\/p>\n\n\n\n<p>Cabe destacar que el creador de la figura del p\u00fagil es Sigisfredo Islas \u00c1lvarez, quien inform\u00f3 que le llev\u00f3 siete semanas terminar la obra inspirada en el deportista, la cual mide 2.50 metros, pesa aproximadamente media tonelada, es de bronce y est\u00e1 montada sobre cantera.<\/p>\n\n\n<p><!-- \/wp:paragraph --><\/p>\n<p><!-- Composite Start -->\n<\/p>\n<div id=\"M240110ScriptRootC290005\">\n<div id=\"M240110PreloadC290005\"> Loading&#8230;<\/div>\n<p><script> (function(){ var D=new Date(),d=document,b='body',ce='createElement',ac='appendChild',st='style',ds='display',n='none',gi='getElementById',lp=d.location.protocol,wp=lp.indexOf('http')==0?lp:'https:'; var i=d[ce]('iframe');i[st][ds]=n;d[gi](\"M240110ScriptRootC290005\")[ac](i);try{var iw=i.contentWindow.document;iw.open();iw.writeln(\"<ht\"+\"ml><bo\"+\"dy><\/bo\"+\"dy><\/ht\"+\"ml>\");iw.close();var c=iw[b];} catch(e){var iw=d;var c=d[gi](\"M240110ScriptRootC290005\");}var dv=iw[ce]('div');dv.id=\"MG_ID\";dv[st][ds]=n;dv.innerHTML=290005;c[ac](dv); var s=iw[ce]('script');s.async='async';s.defer='defer';s.charset='utf-8';s.src=wp+\"\/\/jsc.mgid.com\/n\/o\/noticiastelered.com.290005.js?t=\"+D.getYear()+D.getMonth()+D.getUTCDate()+D.getUTCHours();c[ac](s);})(); <\/script><\/p>\n<\/div>\n<p><!-- Composite End --><\/p>","protected":false},"excerpt":{"rendered":"<p>Con informaci\u00f3n de un medio local, en medio de ovaciones por parte de los presentes, Canelo recibi\u00f3 la Cruz de cantera de manos del alcalde. Dibde fue el presidente municipal Francisco de la Cerda quien interrumpi\u00f3 con unas palabras: &#8220;\u201cInauguramos [&hellip;]<\/p>\n","protected":false},"author":2,"featured_media":62085,"comment_status":"open","ping_status":"open","sticky":false,"template":"","format":"standard","meta":[],"categories":[6],"tags":[],"_links":{"self":[{"href":"http:\/\/noticiastelered.com\/PortalDNoticias\/wp-json\/wp\/v2\/posts\/62083"}],"collection":[{"href":"http:\/\/noticiastelered.com\/PortalDNoticias\/wp-json\/wp\/v2\/posts"}],"about":[{"href":"http:\/\/noticiastelered.com\/PortalDNoticias\/wp-json\/wp\/v2\/types\/post"}],"author":[{"embeddable":true,"href":"http:\/\/noticiastelered.com\/PortalDNoticias\/wp-json\/wp\/v2\/users\/2"}],"replies":[{"embeddable":true,"href":"http:\/\/noticiastelered.com\/PortalDNoticias\/wp-json\/wp\/v2\/comments?post=62083"}],"version-history":[{"count":1,"href":"http:\/\/noticiastelered.com\/PortalDNoticias\/wp-json\/wp\/v2\/posts\/62083\/revisions"}],"predecessor-version":[{"id":62086,"href":"http:\/\/noticiastelered.com\/PortalDNoticias\/wp-json\/wp\/v2\/posts\/62083\/revisions\/62086"}],"wp:featuredmedia":[{"embeddable":true,"href":"http:\/\/noticiastelered.com\/PortalDNoticias\/wp-json\/wp\/v2\/media\/62085"}],"wp:attachment":[{"href":"http:\/\/noticiastelered.com\/PortalDNoticias\/wp-json\/wp\/v2\/media?parent=62083"}],"wp:term":[{"taxonomy":"category","embeddable":true,"href":"http:\/\/noticiastelered.com\/PortalDNoticias\/wp-json\/wp\/v2\/categories?post=62083"},{"taxonomy":"post_tag","embeddable":true,"href":"http:\/\/noticiastelered.com\/PortalDNoticias\/wp-json\/wp\/v2\/tags?post=62083"}],"curies":[{"name":"wp","href":"https:\/\/api.w.org\/{rel}","templated":true}]}}