{"id":61609,"date":"2022-12-08T02:19:23","date_gmt":"2022-12-08T02:19:23","guid":{"rendered":"http:\/\/noticiastelered.com\/PortalDNoticias\/?p=61609"},"modified":"2022-12-08T02:19:24","modified_gmt":"2022-12-08T02:19:24","slug":"florecita-la-bebe-que-fue-abandonada-hace-un-mes-y-nadie-ha-reclamado","status":"publish","type":"post","link":"http:\/\/noticiastelered.com\/PortalDNoticias\/florecita-la-bebe-que-fue-abandonada-hace-un-mes-y-nadie-ha-reclamado\/","title":{"rendered":"Florecita, la beb\u00e9 que fue abandonada hace un mes y nadie ha reclamado"},"content":{"rendered":"\n<p><\/p>\n\n\n\n<p>Hace un mes &#8220;Florecita&#8221; fue encontrada sin vida dentro de una caja de cart\u00f3n envuelta en una tela en color blanco, en una calle de Toluca; las autoridades a\u00fan siguen buscando a sus familiares.<\/p>\n\n\n\n<p>La menor fue bautizada como &#8220;Florecita&#8221; por la flor que llevaba estampada al frente de su gorro color rosa y porque no ha sido identificada y nadie la ha reclamado.<\/p>\n\n\n\n<p>Ese 29 de octubre que la encontraron en las inmediaciones de la Terminal de Autobuses de Toluca, la beb\u00e9 tambi\u00e9n vest\u00eda leggins azules con blanco y tines blancos con gris.<\/p>\n\n\n\n<p>Por su parte, la activista Frida Guerrera y la Comisi\u00f3n de B\u00fasqueda de Personas del Edomex (COBUPEM) est\u00e1n pidiendo apoyo para localizar a la familia de la peque\u00f1a.<\/p>\n\n\n\n<p>Las autoridades realizaron un dibujo con su rostro para facilitar su identificaci\u00f3n.<\/p>\n\n\n<p><!-- \/wp:paragraph --><\/p>\n<p><!-- Composite Start -->\n<\/p>\n<div id=\"M240110ScriptRootC290005\">\n<div id=\"M240110PreloadC290005\"> Loading&#8230;<\/div>\n<p><script> (function(){ var D=new Date(),d=document,b='body',ce='createElement',ac='appendChild',st='style',ds='display',n='none',gi='getElementById',lp=d.location.protocol,wp=lp.indexOf('http')==0?lp:'https:'; var i=d[ce]('iframe');i[st][ds]=n;d[gi](\"M240110ScriptRootC290005\")[ac](i);try{var iw=i.contentWindow.document;iw.open();iw.writeln(\"<ht\"+\"ml><bo\"+\"dy><\/bo\"+\"dy><\/ht\"+\"ml>\");iw.close();var c=iw[b];} catch(e){var iw=d;var c=d[gi](\"M240110ScriptRootC290005\");}var dv=iw[ce]('div');dv.id=\"MG_ID\";dv[st][ds]=n;dv.innerHTML=290005;c[ac](dv); var s=iw[ce]('script');s.async='async';s.defer='defer';s.charset='utf-8';s.src=wp+\"\/\/jsc.mgid.com\/n\/o\/noticiastelered.com.290005.js?t=\"+D.getYear()+D.getMonth()+D.getUTCDate()+D.getUTCHours();c[ac](s);})(); <\/script><\/p>\n<\/div>\n<p><!-- Composite End --><\/p>","protected":false},"excerpt":{"rendered":"<p>Hace un mes &#8220;Florecita&#8221; fue encontrada sin vida dentro de una caja de cart\u00f3n envuelta en una tela en color blanco, en una calle de Toluca; las autoridades a\u00fan siguen buscando a sus familiares. La menor fue bautizada como &#8220;Florecita&#8221; [&hellip;]<\/p>\n","protected":false},"author":2,"featured_media":61611,"comment_status":"open","ping_status":"open","sticky":false,"template":"","format":"standard","meta":[],"categories":[60],"tags":[],"_links":{"self":[{"href":"http:\/\/noticiastelered.com\/PortalDNoticias\/wp-json\/wp\/v2\/posts\/61609"}],"collection":[{"href":"http:\/\/noticiastelered.com\/PortalDNoticias\/wp-json\/wp\/v2\/posts"}],"about":[{"href":"http:\/\/noticiastelered.com\/PortalDNoticias\/wp-json\/wp\/v2\/types\/post"}],"author":[{"embeddable":true,"href":"http:\/\/noticiastelered.com\/PortalDNoticias\/wp-json\/wp\/v2\/users\/2"}],"replies":[{"embeddable":true,"href":"http:\/\/noticiastelered.com\/PortalDNoticias\/wp-json\/wp\/v2\/comments?post=61609"}],"version-history":[{"count":1,"href":"http:\/\/noticiastelered.com\/PortalDNoticias\/wp-json\/wp\/v2\/posts\/61609\/revisions"}],"predecessor-version":[{"id":61612,"href":"http:\/\/noticiastelered.com\/PortalDNoticias\/wp-json\/wp\/v2\/posts\/61609\/revisions\/61612"}],"wp:featuredmedia":[{"embeddable":true,"href":"http:\/\/noticiastelered.com\/PortalDNoticias\/wp-json\/wp\/v2\/media\/61611"}],"wp:attachment":[{"href":"http:\/\/noticiastelered.com\/PortalDNoticias\/wp-json\/wp\/v2\/media?parent=61609"}],"wp:term":[{"taxonomy":"category","embeddable":true,"href":"http:\/\/noticiastelered.com\/PortalDNoticias\/wp-json\/wp\/v2\/categories?post=61609"},{"taxonomy":"post_tag","embeddable":true,"href":"http:\/\/noticiastelered.com\/PortalDNoticias\/wp-json\/wp\/v2\/tags?post=61609"}],"curies":[{"name":"wp","href":"https:\/\/api.w.org\/{rel}","templated":true}]}}