{"id":61179,"date":"2022-11-11T01:59:56","date_gmt":"2022-11-11T01:59:56","guid":{"rendered":"http:\/\/noticiastelered.com\/PortalDNoticias\/?p=61179"},"modified":"2022-11-29T02:00:16","modified_gmt":"2022-11-29T02:00:16","slug":"impulsa-municipio-a-proveedores-locales","status":"publish","type":"post","link":"http:\/\/noticiastelered.com\/PortalDNoticias\/impulsa-municipio-a-proveedores-locales\/","title":{"rendered":"IMPULSA MUNICIPIO A PROVEEDORES LOCALES"},"content":{"rendered":"\n<p><\/p>\n\n\n\n<p><strong>Por Staff<\/strong><br>Noticias Telered<\/p>\n\n\n\n<p>NUEVO LAREDO.- Con la finalidad de ofrecer un portafolio s\u00f3lido de proveedores locales a las empresas instaladas en Nuevo Laredo, el Gobierno Municipal por medio de la Secretar\u00eda de Desarrollo Econ\u00f3mico llev\u00f3 a cabo la Primera Feria de Proveedur\u00eda Local que cont\u00f3 con la participaci\u00f3n de m\u00e1s de 60 empresas que dieron a conocer sus productos y servicios.<\/p>\n\n\n\n<p>Los proveedores se dieron cita en el Centro Cultural donde a trav\u00e9s de diversos stands explicaron los detalles de los productos y servicios que ofrecen ante maquiladoras, agencias aduanales y otras grandes empresas.<\/p>\n\n\n\n<p>La alcaldesa Carmen Lilia Canturosas Villarreal, indic\u00f3 que en Nuevo Laredo comienza el desarrollo econ\u00f3mico de M\u00e9xico por su ubicaci\u00f3n geogr\u00e1fica y estrat\u00e9gica que lo convierte en la aduana m\u00e1s importante en t\u00e9rminos de comercio exterior, por ello se debe fortalecer las cadenas de suministro mediante la local\u00eda.<\/p>\n\n\n\n<p>\u201cCon esta exposici\u00f3n de proveedur\u00eda se abre la brecha para aumentar el potencial de las empresas locales con la industria manufacturera y comercio exterior, a trav\u00e9s de esta feria brindamos la oportunidad de que brinden sus productos y servicios a las grandes derramas econ\u00f3micas de la ciudad\u201d, manifest\u00f3.<\/p>\n\n\n\n<p>Agreg\u00f3 que el gobierno municipal trabaja de la mano con el gobernador Am\u00e9rico Villarreal Anaya para fortalecer el crecimiento de empresas locales y fomentar la cultura del consumo local.<\/p>\n\n\n\n<p>EXPRESAN PROVEEDORES LOCALES OPORTUNIDADES DE CRECIMIENTO<\/p>\n\n\n\n<p>Carlos Garza, asesor comercial de una empresa de montacargas, mencion\u00f3 que estos espacios para la difusi\u00f3n de proveedores locales son necesarios para que las industrias conozcan que ellos cuentan con la infraestructura y equipo necesario para brindarles el soporte que requieren.<\/p>\n\n\n\n<p>\u201cLa alcaldesa presidenta municipal hace una excelente labor para impulsar el desarrollo econ\u00f3mico de la ciudad, esta din\u00e1mica no s\u00f3lo nos ayudar\u00e1 a darnos a conocer en Nuevo Laredo, sino tambi\u00e9n con otras ciudades cercanas como Piedras Negras o Reynosa\u201d, expres\u00f3.<\/p>\n\n\n\n<p>Por su parte, Carlos Rodrigo Garza Rechi, representante de una compa\u00f1\u00eda de energ\u00edas limpias, coment\u00f3 que por conducto de la iniciativa podr\u00e1 llegar a m\u00e1s empresas y beneficiar el medio ambiente.<\/p>\n\n\n\n<p>\u201cSe agradecen los esfuerzos del Gobierno Municipal por impulsarnos a crecer, desarrollar m\u00e1s empleos y felicito a la alcaldesa por este gran evento que organiz\u00f3, igual por impulsar nuevas oportunidades a los neolaredenses\u201d, finaliz\u00f3. <br><\/p>\n\n\n\n<figure class=\"wp-block-image size-large\"><img decoding=\"async\" loading=\"lazy\" width=\"1024\" height=\"682\" src=\"http:\/\/noticiastelered.com\/PortalDNoticias\/wp-content\/uploads\/2022\/11\/image-29-1024x682.png\" alt=\"\" class=\"wp-image-61181\"\/><\/figure>\n","protected":false},"excerpt":{"rendered":"<p>Por StaffNoticias Telered NUEVO LAREDO.- Con la finalidad de ofrecer un portafolio s\u00f3lido de proveedores locales a las empresas instaladas en Nuevo Laredo, el Gobierno Municipal por medio de la Secretar\u00eda de Desarrollo Econ\u00f3mico llev\u00f3 a cabo la Primera Feria [&hellip;]<\/p>\n","protected":false},"author":2,"featured_media":61181,"comment_status":"open","ping_status":"open","sticky":false,"template":"","format":"standard","meta":[],"categories":[63,59],"tags":[],"_links":{"self":[{"href":"http:\/\/noticiastelered.com\/PortalDNoticias\/wp-json\/wp\/v2\/posts\/61179"}],"collection":[{"href":"http:\/\/noticiastelered.com\/PortalDNoticias\/wp-json\/wp\/v2\/posts"}],"about":[{"href":"http:\/\/noticiastelered.com\/PortalDNoticias\/wp-json\/wp\/v2\/types\/post"}],"author":[{"embeddable":true,"href":"http:\/\/noticiastelered.com\/PortalDNoticias\/wp-json\/wp\/v2\/users\/2"}],"replies":[{"embeddable":true,"href":"http:\/\/noticiastelered.com\/PortalDNoticias\/wp-json\/wp\/v2\/comments?post=61179"}],"version-history":[{"count":1,"href":"http:\/\/noticiastelered.com\/PortalDNoticias\/wp-json\/wp\/v2\/posts\/61179\/revisions"}],"predecessor-version":[{"id":61182,"href":"http:\/\/noticiastelered.com\/PortalDNoticias\/wp-json\/wp\/v2\/posts\/61179\/revisions\/61182"}],"wp:featuredmedia":[{"embeddable":true,"href":"http:\/\/noticiastelered.com\/PortalDNoticias\/wp-json\/wp\/v2\/media\/61181"}],"wp:attachment":[{"href":"http:\/\/noticiastelered.com\/PortalDNoticias\/wp-json\/wp\/v2\/media?parent=61179"}],"wp:term":[{"taxonomy":"category","embeddable":true,"href":"http:\/\/noticiastelered.com\/PortalDNoticias\/wp-json\/wp\/v2\/categories?post=61179"},{"taxonomy":"post_tag","embeddable":true,"href":"http:\/\/noticiastelered.com\/PortalDNoticias\/wp-json\/wp\/v2\/tags?post=61179"}],"curies":[{"name":"wp","href":"https:\/\/api.w.org\/{rel}","templated":true}]}}