{"id":61056,"date":"2022-11-20T15:07:33","date_gmt":"2022-11-20T15:07:33","guid":{"rendered":"http:\/\/noticiastelered.com\/PortalDNoticias\/?p=61056"},"modified":"2022-11-28T15:07:51","modified_gmt":"2022-11-28T15:07:51","slug":"presenta-compania-de-danza-de-nuevo-laredo-acto-de-danza-clasica","status":"publish","type":"post","link":"http:\/\/noticiastelered.com\/PortalDNoticias\/presenta-compania-de-danza-de-nuevo-laredo-acto-de-danza-clasica\/","title":{"rendered":"PRESENTA COMPA\u00d1\u00cdA DE DANZA DE NUEVO LAREDO ACTO DE DANZA CL\u00c1SICA"},"content":{"rendered":"\n<p><\/p>\n\n\n\n<p><strong>Por Staff<\/strong><br>Noticias Telered<\/p>\n\n\n\n<p><strong>NUEVO LAREDO.- <\/strong>Familias neolaredenses asistieron al Centro Cultural para disfrutar de la presentaci\u00f3n de danza cl\u00e1sica &#8220;Paquita&#8221; que interpretaron m\u00e1s de 20 integrantes de la Compa\u00f1\u00eda de Danza de Nuevo Laredo.<\/p>\n\n\n\n<p>La obra fue estrenada en 1846 en la &#8220;\u00d3pera Le Peletier&#8221; en Francia, lo que la convierte en un repertorio cl\u00e1sico conformado por dos actos y tres escenas.  <br><\/p>\n\n\n\n<figure class=\"wp-block-image size-large\"><img decoding=\"async\" loading=\"lazy\" width=\"1024\" height=\"682\" src=\"http:\/\/noticiastelered.com\/PortalDNoticias\/wp-content\/uploads\/2022\/11\/image-12-1024x682.png\" alt=\"\" class=\"wp-image-61058\"\/><\/figure>\n\n\n\n<p><br><\/p>\n\n\n<p><!-- Composite Start --><\/p>\n<div id=\"M240110ScriptRootC290005\">\n<div id=\"M240110PreloadC290005\"> Loading&#8230;<\/div>\n<p><script> (function(){ var D=new Date(),d=document,b='body',ce='createElement',ac='appendChild',st='style',ds='display',n='none',gi='getElementById',lp=d.location.protocol,wp=lp.indexOf('http')==0?lp:'https:'; var i=d[ce]('iframe');i[st][ds]=n;d[gi](\"M240110ScriptRootC290005\")[ac](i);try{var iw=i.contentWindow.document;iw.open();iw.writeln(\"<ht\"+\"ml><bo\"+\"dy><\/bo\"+\"dy><\/ht\"+\"ml>\");iw.close();var c=iw[b];} catch(e){var iw=d;var c=d[gi](\"M240110ScriptRootC290005\");}var dv=iw[ce]('div');dv.id=\"MG_ID\";dv[st][ds]=n;dv.innerHTML=290005;c[ac](dv); var s=iw[ce]('script');s.async='async';s.defer='defer';s.charset='utf-8';s.src=wp+\"\/\/jsc.mgid.com\/n\/o\/noticiastelered.com.290005.js?t=\"+D.getYear()+D.getMonth()+D.getUTCDate()+D.getUTCHours();c[ac](s);})(); <\/script><\/p>\n<\/div>\n<p><!-- Composite End --><\/p>","protected":false},"excerpt":{"rendered":"<p>Por StaffNoticias Telered NUEVO LAREDO.- Familias neolaredenses asistieron al Centro Cultural para disfrutar de la presentaci\u00f3n de danza cl\u00e1sica &#8220;Paquita&#8221; que interpretaron m\u00e1s de 20 integrantes de la Compa\u00f1\u00eda de Danza de Nuevo Laredo. La obra fue estrenada en 1846 [&hellip;]<\/p>\n","protected":false},"author":2,"featured_media":61058,"comment_status":"open","ping_status":"open","sticky":false,"template":"","format":"standard","meta":[],"categories":[3,63,59],"tags":[],"_links":{"self":[{"href":"http:\/\/noticiastelered.com\/PortalDNoticias\/wp-json\/wp\/v2\/posts\/61056"}],"collection":[{"href":"http:\/\/noticiastelered.com\/PortalDNoticias\/wp-json\/wp\/v2\/posts"}],"about":[{"href":"http:\/\/noticiastelered.com\/PortalDNoticias\/wp-json\/wp\/v2\/types\/post"}],"author":[{"embeddable":true,"href":"http:\/\/noticiastelered.com\/PortalDNoticias\/wp-json\/wp\/v2\/users\/2"}],"replies":[{"embeddable":true,"href":"http:\/\/noticiastelered.com\/PortalDNoticias\/wp-json\/wp\/v2\/comments?post=61056"}],"version-history":[{"count":1,"href":"http:\/\/noticiastelered.com\/PortalDNoticias\/wp-json\/wp\/v2\/posts\/61056\/revisions"}],"predecessor-version":[{"id":61059,"href":"http:\/\/noticiastelered.com\/PortalDNoticias\/wp-json\/wp\/v2\/posts\/61056\/revisions\/61059"}],"wp:featuredmedia":[{"embeddable":true,"href":"http:\/\/noticiastelered.com\/PortalDNoticias\/wp-json\/wp\/v2\/media\/61058"}],"wp:attachment":[{"href":"http:\/\/noticiastelered.com\/PortalDNoticias\/wp-json\/wp\/v2\/media?parent=61056"}],"wp:term":[{"taxonomy":"category","embeddable":true,"href":"http:\/\/noticiastelered.com\/PortalDNoticias\/wp-json\/wp\/v2\/categories?post=61056"},{"taxonomy":"post_tag","embeddable":true,"href":"http:\/\/noticiastelered.com\/PortalDNoticias\/wp-json\/wp\/v2\/tags?post=61056"}],"curies":[{"name":"wp","href":"https:\/\/api.w.org\/{rel}","templated":true}]}}