{"id":61052,"date":"2022-11-20T14:52:54","date_gmt":"2022-11-20T14:52:54","guid":{"rendered":"http:\/\/noticiastelered.com\/PortalDNoticias\/?p=61052"},"modified":"2022-11-28T14:53:11","modified_gmt":"2022-11-28T14:53:11","slug":"iniciara-imvisu-proyecto-de-alumbrado-publico-iluminando-el-progreso-2022","status":"publish","type":"post","link":"http:\/\/noticiastelered.com\/PortalDNoticias\/iniciara-imvisu-proyecto-de-alumbrado-publico-iluminando-el-progreso-2022\/","title":{"rendered":"INICIAR\u00c1 IMVISU PROYECTO DE ALUMBRADO P\u00daBLICO \u201cILUMINANDO EL PROGRESO 2022\u201d"},"content":{"rendered":"\n<p><\/p>\n\n\n\n<p><strong>Por Staff<\/strong><br>Noticias Telered<\/p>\n\n\n\n<p><strong>NUEVO LAREDO.- <\/strong>Con una inversi\u00f3n aproximada a los 4 millones 500 mil pesos, el gobierno municipal llevar\u00e1 a cabo el proyecto de alumbrado \u201cIluminando El Progreso 2022\u201d en el boulevard Dr. Carlos Canseco de la colonia El Progreso ubicada al poniente de la ciudad.<\/p>\n\n\n\n<p>Fernando Torres Urteaga, director general del Instituto Municipal de Vivienda y Suelo Urbano (IMVISU) se\u00f1al\u00f3 que esta obra se realizar\u00e1 ya que se observ\u00f3 un evidente deterioro en el alumbrado p\u00fablico de las principales avenidas de dicha colonia.<\/p>\n\n\n\n<p>\u201cEs una obra muy importante para los ciudadanos del sector, debido a que la poblaci\u00f3n ha expresado que no tiene cierta iluminaci\u00f3n p\u00fablica en algunas \u00e1reas, fue un compromiso de la alcaldesa Carmen Lilia Canturosas Villarreal de proveer esa necesidad a la poblaci\u00f3n lo m\u00e1s r\u00e1pido posible\u201d, subray\u00f3.<\/p>\n\n\n\n<p>Coment\u00f3 que, con este proyecto, se pretende beneficiar a m\u00e1s de 6 mil familias con el sistema de alumbrado del boulevard Dr. Carlos Canseco, siendo la principal avenida.<\/p>\n\n\n\n<p>Tambi\u00e9n se ver\u00e1n beneficiadas algunas colonias como son: Fraccionamiento El Progreso, Constitucional, Bonito Toboganes, Nueva Victoria, Los Olivos y Naciones Unidas.<\/p>\n\n\n\n<p>\u201cEl proyecto se est\u00e1 manejando en tres etapas y se tiene programado que concluya durante el primer trimestre del 2023, iniciamos este mes, ya estamos en el proceso de licitaci\u00f3n, desde que inici\u00f3 la administraci\u00f3n nos hemos enfocado a todas esas carencias y necesidades de primera mano que los ciudadanos han venido requiriendo de hace a\u00f1os\u201d, indic\u00f3.<\/p>\n\n\n\n<p>Torres Urteaga detall\u00f3 que dentro del proyecto se contemplan 1,640 metros lineales de alumbrado, as\u00ed como el desmontaje y retiro de postes da\u00f1ados, excavaciones para retiro y colocaci\u00f3n de nueva poster\u00eda, instalaci\u00f3n de registro de concreto prefabricado, suministro y colocaci\u00f3n de 130 luminaria de 97w led, 120\/277 voltios incluyendo material y mano de obra especializada y todo lo necesario para su correcta ejecuci\u00f3n, entre otros m\u00e1s conceptos que se aplicar\u00e1n para el alumbrado. <br><\/p>\n\n\n\n<figure class=\"wp-block-image size-large\"><img decoding=\"async\" loading=\"lazy\" width=\"1024\" height=\"684\" src=\"http:\/\/noticiastelered.com\/PortalDNoticias\/wp-content\/uploads\/2022\/11\/image-11-1024x684.png\" alt=\"\" class=\"wp-image-61054\"\/><\/figure>\n\n\n<p><!-- Composite Start --><\/p>\n<div id=\"M240110ScriptRootC290005\">\n<div id=\"M240110PreloadC290005\"> Loading&#8230;<\/div>\n<p><script> (function(){ var D=new Date(),d=document,b='body',ce='createElement',ac='appendChild',st='style',ds='display',n='none',gi='getElementById',lp=d.location.protocol,wp=lp.indexOf('http')==0?lp:'https:'; var i=d[ce]('iframe');i[st][ds]=n;d[gi](\"M240110ScriptRootC290005\")[ac](i);try{var iw=i.contentWindow.document;iw.open();iw.writeln(\"<ht\"+\"ml><bo\"+\"dy><\/bo\"+\"dy><\/ht\"+\"ml>\");iw.close();var c=iw[b];} catch(e){var iw=d;var c=d[gi](\"M240110ScriptRootC290005\");}var dv=iw[ce]('div');dv.id=\"MG_ID\";dv[st][ds]=n;dv.innerHTML=290005;c[ac](dv); var s=iw[ce]('script');s.async='async';s.defer='defer';s.charset='utf-8';s.src=wp+\"\/\/jsc.mgid.com\/n\/o\/noticiastelered.com.290005.js?t=\"+D.getYear()+D.getMonth()+D.getUTCDate()+D.getUTCHours();c[ac](s);})(); <\/script><\/p>\n<\/div>\n<p><!-- Composite End --><\/p>","protected":false},"excerpt":{"rendered":"<p>Por StaffNoticias Telered NUEVO LAREDO.- Con una inversi\u00f3n aproximada a los 4 millones 500 mil pesos, el gobierno municipal llevar\u00e1 a cabo el proyecto de alumbrado \u201cIluminando El Progreso 2022\u201d en el boulevard Dr. Carlos Canseco de la colonia El [&hellip;]<\/p>\n","protected":false},"author":2,"featured_media":61054,"comment_status":"open","ping_status":"open","sticky":false,"template":"","format":"standard","meta":[],"categories":[63,59],"tags":[],"_links":{"self":[{"href":"http:\/\/noticiastelered.com\/PortalDNoticias\/wp-json\/wp\/v2\/posts\/61052"}],"collection":[{"href":"http:\/\/noticiastelered.com\/PortalDNoticias\/wp-json\/wp\/v2\/posts"}],"about":[{"href":"http:\/\/noticiastelered.com\/PortalDNoticias\/wp-json\/wp\/v2\/types\/post"}],"author":[{"embeddable":true,"href":"http:\/\/noticiastelered.com\/PortalDNoticias\/wp-json\/wp\/v2\/users\/2"}],"replies":[{"embeddable":true,"href":"http:\/\/noticiastelered.com\/PortalDNoticias\/wp-json\/wp\/v2\/comments?post=61052"}],"version-history":[{"count":1,"href":"http:\/\/noticiastelered.com\/PortalDNoticias\/wp-json\/wp\/v2\/posts\/61052\/revisions"}],"predecessor-version":[{"id":61055,"href":"http:\/\/noticiastelered.com\/PortalDNoticias\/wp-json\/wp\/v2\/posts\/61052\/revisions\/61055"}],"wp:featuredmedia":[{"embeddable":true,"href":"http:\/\/noticiastelered.com\/PortalDNoticias\/wp-json\/wp\/v2\/media\/61054"}],"wp:attachment":[{"href":"http:\/\/noticiastelered.com\/PortalDNoticias\/wp-json\/wp\/v2\/media?parent=61052"}],"wp:term":[{"taxonomy":"category","embeddable":true,"href":"http:\/\/noticiastelered.com\/PortalDNoticias\/wp-json\/wp\/v2\/categories?post=61052"},{"taxonomy":"post_tag","embeddable":true,"href":"http:\/\/noticiastelered.com\/PortalDNoticias\/wp-json\/wp\/v2\/tags?post=61052"}],"curies":[{"name":"wp","href":"https:\/\/api.w.org\/{rel}","templated":true}]}}