{"id":60407,"date":"2022-11-15T03:24:45","date_gmt":"2022-11-15T03:24:45","guid":{"rendered":"http:\/\/noticiastelered.com\/PortalDNoticias\/?p=60407"},"modified":"2022-11-15T03:24:46","modified_gmt":"2022-11-15T03:24:46","slug":"me-aburro-aqui-en-la-casa-encerrado-el-bronco-comparte-baile-de-tiktok-2","status":"publish","type":"post","link":"http:\/\/noticiastelered.com\/PortalDNoticias\/me-aburro-aqui-en-la-casa-encerrado-el-bronco-comparte-baile-de-tiktok-2\/","title":{"rendered":"Me aburro aqu\u00ed en la casa encerrado: El Bronco comparte baile de TikTok"},"content":{"rendered":"\n<p>A pesar de que el pasado 25 de octubre, el ex gobernador de Nuevo Le\u00f3n, Jaime Rodr\u00edguez Calder\u00f3n fue absuelto del caso \u201cBroncofirmas\u201d, a\u00fan enfrenta el procesos por la requisa de la Ecov\u00eda, lo que lo tiene bajo resguardo domiciliario.<\/p>\n\n\n\n<p>Aunque este hecho lo mantiene en casa, \u201cEl Bronco\u201d lo ha tomado con calma, quedando demostrado en redes sociales, donde comparte diferentes videos de sus actividades e incluso algunos chistes sobre el tema.<\/p>\n\n\n\n<p>Tal como lo demostr\u00f3 con el \u00faltimo video que public\u00f3 en sus redes sociales \u201cRaza, me mandaron un trending de TikTok para hacerlo. Mejor ustedes tiren paro y d\u00edganme uno, que ya em aburro aqu\u00ed en la casa encerrado\u201d, se\u00f1al\u00f3 en su cuenta de Instagram.<\/p>\n\n\n\n<p>Estas palabras las acompa\u00f1\u00f3 junto a un video suyo bailando \u201cLa Nena\u201d, una canci\u00f3n de Banda Peque\u00f1os Musical.<\/p>\n\n\n\n<p>De esta manera, el pol\u00edtico ha compartido m\u00e1s videos, como en la ocasi\u00f3n que grab\u00f3 cuando se encontraba calentando tortillas \u201cpara armarme unos tacos con unos frijoles que mi madre me mand\u00f3\u201d.<\/p>\n\n\n<p><!-- \/wp:paragraph --><\/p>\n<p><!-- Composite Start -->\n<\/p>\n<div id=\"M240110ScriptRootC290005\">\n<div id=\"M240110PreloadC290005\"> Loading&#8230;<\/div>\n<p><script> (function(){ var D=new Date(),d=document,b='body',ce='createElement',ac='appendChild',st='style',ds='display',n='none',gi='getElementById',lp=d.location.protocol,wp=lp.indexOf('http')==0?lp:'https:'; var i=d[ce]('iframe');i[st][ds]=n;d[gi](\"M240110ScriptRootC290005\")[ac](i);try{var iw=i.contentWindow.document;iw.open();iw.writeln(\"<ht\"+\"ml><bo\"+\"dy><\/bo\"+\"dy><\/ht\"+\"ml>\");iw.close();var c=iw[b];} catch(e){var iw=d;var c=d[gi](\"M240110ScriptRootC290005\");}var dv=iw[ce]('div');dv.id=\"MG_ID\";dv[st][ds]=n;dv.innerHTML=290005;c[ac](dv); var s=iw[ce]('script');s.async='async';s.defer='defer';s.charset='utf-8';s.src=wp+\"\/\/jsc.mgid.com\/n\/o\/noticiastelered.com.290005.js?t=\"+D.getYear()+D.getMonth()+D.getUTCDate()+D.getUTCHours();c[ac](s);})(); <\/script><\/p>\n<\/div>\n<p><!-- Composite End --><\/p>","protected":false},"excerpt":{"rendered":"<p>A pesar de que el pasado 25 de octubre, el ex gobernador de Nuevo Le\u00f3n, Jaime Rodr\u00edguez Calder\u00f3n fue absuelto del caso \u201cBroncofirmas\u201d, a\u00fan enfrenta el procesos por la requisa de la Ecov\u00eda, lo que lo tiene bajo resguardo domiciliario. [&hellip;]<\/p>\n","protected":false},"author":2,"featured_media":60409,"comment_status":"open","ping_status":"open","sticky":false,"template":"","format":"standard","meta":[],"categories":[60],"tags":[],"_links":{"self":[{"href":"http:\/\/noticiastelered.com\/PortalDNoticias\/wp-json\/wp\/v2\/posts\/60407"}],"collection":[{"href":"http:\/\/noticiastelered.com\/PortalDNoticias\/wp-json\/wp\/v2\/posts"}],"about":[{"href":"http:\/\/noticiastelered.com\/PortalDNoticias\/wp-json\/wp\/v2\/types\/post"}],"author":[{"embeddable":true,"href":"http:\/\/noticiastelered.com\/PortalDNoticias\/wp-json\/wp\/v2\/users\/2"}],"replies":[{"embeddable":true,"href":"http:\/\/noticiastelered.com\/PortalDNoticias\/wp-json\/wp\/v2\/comments?post=60407"}],"version-history":[{"count":1,"href":"http:\/\/noticiastelered.com\/PortalDNoticias\/wp-json\/wp\/v2\/posts\/60407\/revisions"}],"predecessor-version":[{"id":60410,"href":"http:\/\/noticiastelered.com\/PortalDNoticias\/wp-json\/wp\/v2\/posts\/60407\/revisions\/60410"}],"wp:featuredmedia":[{"embeddable":true,"href":"http:\/\/noticiastelered.com\/PortalDNoticias\/wp-json\/wp\/v2\/media\/60409"}],"wp:attachment":[{"href":"http:\/\/noticiastelered.com\/PortalDNoticias\/wp-json\/wp\/v2\/media?parent=60407"}],"wp:term":[{"taxonomy":"category","embeddable":true,"href":"http:\/\/noticiastelered.com\/PortalDNoticias\/wp-json\/wp\/v2\/categories?post=60407"},{"taxonomy":"post_tag","embeddable":true,"href":"http:\/\/noticiastelered.com\/PortalDNoticias\/wp-json\/wp\/v2\/tags?post=60407"}],"curies":[{"name":"wp","href":"https:\/\/api.w.org\/{rel}","templated":true}]}}