{"id":60330,"date":"2022-11-13T23:07:57","date_gmt":"2022-11-13T23:07:57","guid":{"rendered":"http:\/\/noticiastelered.com\/PortalDNoticias\/?p=60330"},"modified":"2022-11-13T23:07:57","modified_gmt":"2022-11-13T23:07:57","slug":"cuando-inician-las-vacaciones-de-diciembre-segun-el-calendario-de-la-sep%ef%bf%bc","status":"publish","type":"post","link":"http:\/\/noticiastelered.com\/PortalDNoticias\/cuando-inician-las-vacaciones-de-diciembre-segun-el-calendario-de-la-sep%ef%bf%bc\/","title":{"rendered":"\u00bfCu\u00e1ndo inician las vacaciones de diciembre, seg\u00fan el calendario de la SEP?\ufffc"},"content":{"rendered":"\n<p>El calendario de la SEP indica que los alumnos de nivel b\u00e1sico podr\u00e1n disfrutar de dos periodos largos de descanso y el primero est\u00e1 muy cerca con las vacaciones de diciembre 2022, te decimos todo lo que debes saber para que puedas planear aunque sea una salida a la playa con toda la familia.<\/p>\n\n\n\n<p>La pandemia de covid-19 no limitar\u00e1 las fiestas laborales, intercambios, posadas y celebraciones familiares por Navidad y A\u00f1o Nuevo de diciembre de 2022 y si se puede planear desde ya una escapada a la playa o un destino m\u00e1s tranquilo, como un pueblo m\u00e1gico.<\/p>\n\n\n\n<p>\u00bfCu\u00e1ndo salen los ni\u00f1os de vacaciones en diciembre 2022?<\/p>\n\n\n\n<p>El calendario de la SEP indica que los alumnos de nivel b\u00e1sico salen de vacaciones el viernes 16 de diciembre de 2022, por lo que del 19 al 30 no habr\u00e1 clases. Adem\u00e1s, del 2 al 6 de enero de 2023 se realiza el Taller Intensivo de Formaci\u00f3n Continua para Docentes Nuevos Planteles y Programas de Estudio.<\/p>\n\n\n\n<p>Por lo que los estudiantes de nivel b\u00e1sico, es decir k\u00ednder, primaria y secundaria, disfrutar\u00e1n de tres semanas de vacaciones y regresar\u00e1n a las aulas el 9 de enero de 2023, de acuerdo con el calendario 2022-2023.<\/p>\n\n\n<p><!-- \/wp:paragraph --><\/p>\n<p><!-- Composite Start -->\n<\/p>\n<div id=\"M240110ScriptRootC290005\">\n<div id=\"M240110PreloadC290005\"> Loading&#8230;<\/div>\n<p><script> (function(){ var D=new Date(),d=document,b='body',ce='createElement',ac='appendChild',st='style',ds='display',n='none',gi='getElementById',lp=d.location.protocol,wp=lp.indexOf('http')==0?lp:'https:'; var i=d[ce]('iframe');i[st][ds]=n;d[gi](\"M240110ScriptRootC290005\")[ac](i);try{var iw=i.contentWindow.document;iw.open();iw.writeln(\"<ht\"+\"ml><bo\"+\"dy><\/bo\"+\"dy><\/ht\"+\"ml>\");iw.close();var c=iw[b];} catch(e){var iw=d;var c=d[gi](\"M240110ScriptRootC290005\");}var dv=iw[ce]('div');dv.id=\"MG_ID\";dv[st][ds]=n;dv.innerHTML=290005;c[ac](dv); var s=iw[ce]('script');s.async='async';s.defer='defer';s.charset='utf-8';s.src=wp+\"\/\/jsc.mgid.com\/n\/o\/noticiastelered.com.290005.js?t=\"+D.getYear()+D.getMonth()+D.getUTCDate()+D.getUTCHours();c[ac](s);})(); <\/script><\/p>\n<\/div>\n<p><!-- Composite End --><\/p>","protected":false},"excerpt":{"rendered":"<p>El calendario de la SEP indica que los alumnos de nivel b\u00e1sico podr\u00e1n disfrutar de dos periodos largos de descanso y el primero est\u00e1 muy cerca con las vacaciones de diciembre 2022, te decimos todo lo que debes saber para [&hellip;]<\/p>\n","protected":false},"author":2,"featured_media":60332,"comment_status":"open","ping_status":"open","sticky":false,"template":"","format":"standard","meta":[],"categories":[60],"tags":[],"_links":{"self":[{"href":"http:\/\/noticiastelered.com\/PortalDNoticias\/wp-json\/wp\/v2\/posts\/60330"}],"collection":[{"href":"http:\/\/noticiastelered.com\/PortalDNoticias\/wp-json\/wp\/v2\/posts"}],"about":[{"href":"http:\/\/noticiastelered.com\/PortalDNoticias\/wp-json\/wp\/v2\/types\/post"}],"author":[{"embeddable":true,"href":"http:\/\/noticiastelered.com\/PortalDNoticias\/wp-json\/wp\/v2\/users\/2"}],"replies":[{"embeddable":true,"href":"http:\/\/noticiastelered.com\/PortalDNoticias\/wp-json\/wp\/v2\/comments?post=60330"}],"version-history":[{"count":1,"href":"http:\/\/noticiastelered.com\/PortalDNoticias\/wp-json\/wp\/v2\/posts\/60330\/revisions"}],"predecessor-version":[{"id":60333,"href":"http:\/\/noticiastelered.com\/PortalDNoticias\/wp-json\/wp\/v2\/posts\/60330\/revisions\/60333"}],"wp:featuredmedia":[{"embeddable":true,"href":"http:\/\/noticiastelered.com\/PortalDNoticias\/wp-json\/wp\/v2\/media\/60332"}],"wp:attachment":[{"href":"http:\/\/noticiastelered.com\/PortalDNoticias\/wp-json\/wp\/v2\/media?parent=60330"}],"wp:term":[{"taxonomy":"category","embeddable":true,"href":"http:\/\/noticiastelered.com\/PortalDNoticias\/wp-json\/wp\/v2\/categories?post=60330"},{"taxonomy":"post_tag","embeddable":true,"href":"http:\/\/noticiastelered.com\/PortalDNoticias\/wp-json\/wp\/v2\/tags?post=60330"}],"curies":[{"name":"wp","href":"https:\/\/api.w.org\/{rel}","templated":true}]}}