{"id":60269,"date":"2022-11-11T04:11:57","date_gmt":"2022-11-11T04:11:57","guid":{"rendered":"http:\/\/noticiastelered.com\/PortalDNoticias\/?p=60269"},"modified":"2022-11-11T04:11:57","modified_gmt":"2022-11-11T04:11:57","slug":"snoop-dogg-lanzara-una-pelicula-biografica","status":"publish","type":"post","link":"http:\/\/noticiastelered.com\/PortalDNoticias\/snoop-dogg-lanzara-una-pelicula-biografica\/","title":{"rendered":"Snoop Dogg lanzar\u00e1 una pel\u00edcula biogr\u00e1fica"},"content":{"rendered":"\n<p>El rapero estadounidense Calvin Cordozar Broadus, mejor conocido como Snoop Dogg Revel\u00f3 que tiene planeado lanzar una pel\u00edcula biogr\u00e1fica, la cual, estar\u00e1 basada en su vida personal, as\u00ed como sus inicios y las experiencias que ha vivido en la industria musical.<\/p>\n\n\n\n<p>Hace unos d\u00edas, el tambi\u00e9n productor y actor, inform\u00f3 que se aproxima una pel\u00edcula biogr\u00e1fica sobre \u00e9l, junto a la productora Sara Ramaker y el director de cine Allen Hughes.<\/p>\n\n\n\n<p>\u201cEsper\u00e9 mucho tiempo para armar este proyecto porque quer\u00eda elegir al director adecuado, al escritor perfecto y a la mejor compa\u00f1\u00eda cinematogr\u00e1fica con la que pudiera asociarme, que pudiera entender el legado que estoy tratando de representar en la pantalla y el recuerdo que estoy tratando de dejar atr\u00e1s\u201d, se\u00f1al\u00f3.<\/p>\n\n\n<p><!-- \/wp:paragraph --><\/p>\n<p><!-- Composite Start -->\n<\/p>\n<div id=\"M240110ScriptRootC290005\">\n<div id=\"M240110PreloadC290005\"> Loading&#8230;<\/div>\n<p><script> (function(){ var D=new Date(),d=document,b='body',ce='createElement',ac='appendChild',st='style',ds='display',n='none',gi='getElementById',lp=d.location.protocol,wp=lp.indexOf('http')==0?lp:'https:'; var i=d[ce]('iframe');i[st][ds]=n;d[gi](\"M240110ScriptRootC290005\")[ac](i);try{var iw=i.contentWindow.document;iw.open();iw.writeln(\"<ht\"+\"ml><bo\"+\"dy><\/bo\"+\"dy><\/ht\"+\"ml>\");iw.close();var c=iw[b];} catch(e){var iw=d;var c=d[gi](\"M240110ScriptRootC290005\");}var dv=iw[ce]('div');dv.id=\"MG_ID\";dv[st][ds]=n;dv.innerHTML=290005;c[ac](dv); var s=iw[ce]('script');s.async='async';s.defer='defer';s.charset='utf-8';s.src=wp+\"\/\/jsc.mgid.com\/n\/o\/noticiastelered.com.290005.js?t=\"+D.getYear()+D.getMonth()+D.getUTCDate()+D.getUTCHours();c[ac](s);})(); <\/script><\/p>\n<\/div>\n<p><!-- Composite End --><\/p>","protected":false},"excerpt":{"rendered":"<p>El rapero estadounidense Calvin Cordozar Broadus, mejor conocido como Snoop Dogg Revel\u00f3 que tiene planeado lanzar una pel\u00edcula biogr\u00e1fica, la cual, estar\u00e1 basada en su vida personal, as\u00ed como sus inicios y las experiencias que ha vivido en la industria [&hellip;]<\/p>\n","protected":false},"author":2,"featured_media":60271,"comment_status":"open","ping_status":"open","sticky":false,"template":"","format":"standard","meta":[],"categories":[66],"tags":[],"_links":{"self":[{"href":"http:\/\/noticiastelered.com\/PortalDNoticias\/wp-json\/wp\/v2\/posts\/60269"}],"collection":[{"href":"http:\/\/noticiastelered.com\/PortalDNoticias\/wp-json\/wp\/v2\/posts"}],"about":[{"href":"http:\/\/noticiastelered.com\/PortalDNoticias\/wp-json\/wp\/v2\/types\/post"}],"author":[{"embeddable":true,"href":"http:\/\/noticiastelered.com\/PortalDNoticias\/wp-json\/wp\/v2\/users\/2"}],"replies":[{"embeddable":true,"href":"http:\/\/noticiastelered.com\/PortalDNoticias\/wp-json\/wp\/v2\/comments?post=60269"}],"version-history":[{"count":1,"href":"http:\/\/noticiastelered.com\/PortalDNoticias\/wp-json\/wp\/v2\/posts\/60269\/revisions"}],"predecessor-version":[{"id":60272,"href":"http:\/\/noticiastelered.com\/PortalDNoticias\/wp-json\/wp\/v2\/posts\/60269\/revisions\/60272"}],"wp:featuredmedia":[{"embeddable":true,"href":"http:\/\/noticiastelered.com\/PortalDNoticias\/wp-json\/wp\/v2\/media\/60271"}],"wp:attachment":[{"href":"http:\/\/noticiastelered.com\/PortalDNoticias\/wp-json\/wp\/v2\/media?parent=60269"}],"wp:term":[{"taxonomy":"category","embeddable":true,"href":"http:\/\/noticiastelered.com\/PortalDNoticias\/wp-json\/wp\/v2\/categories?post=60269"},{"taxonomy":"post_tag","embeddable":true,"href":"http:\/\/noticiastelered.com\/PortalDNoticias\/wp-json\/wp\/v2\/tags?post=60269"}],"curies":[{"name":"wp","href":"https:\/\/api.w.org\/{rel}","templated":true}]}}