{"id":59424,"date":"2022-10-25T03:45:50","date_gmt":"2022-10-25T03:45:50","guid":{"rendered":"http:\/\/noticiastelered.com\/PortalDNoticias\/?p=59424"},"modified":"2022-10-25T03:45:51","modified_gmt":"2022-10-25T03:45:51","slug":"henry-cavill-sorprende-a-fans-y-confirma-que-volvera-a-dar-vida-a-superman","status":"publish","type":"post","link":"http:\/\/noticiastelered.com\/PortalDNoticias\/henry-cavill-sorprende-a-fans-y-confirma-que-volvera-a-dar-vida-a-superman\/","title":{"rendered":"Henry Cavill sorprende a fans y confirma que volver\u00e1 a dar vida a &#8216;Superman&#8217;"},"content":{"rendered":"\n<p>Los Angeles.- El actor brit\u00e1nico Henry Cavill confirm\u00f3 este lunes que volver\u00e1 a dar vida a &#8220;Superman&#8221; en la gran pantalla, despu\u00e9s de aparecer en un breve cameo al final de la pel\u00edcula &#8220;Black Adam&#8221;.<\/p>\n\n\n\n<p>Cavill explic\u00f3 en un video subido a su perfil de Instagram que hab\u00eda decidido esperar a que pasara el fin de semana de estreno del filme para que los fans pudieran verlo sin arruinar la sorpresa.<\/p>\n\n\n\n<p>&#8220;Ahora que muchos lo han visto, quiero hacerlo oficial: Estoy de vuelta como &#8216;Superman'&#8221;, anunci\u00f3.<\/p>\n\n\n\n<p>El actor, de 39 a\u00f1os, no dio m\u00e1s detalles sobre su regreso a la piel del conocido superh\u00e9roe y tan solo public\u00f3 una foto enfundado en su emblem\u00e1tico traje con el mensaje: &#8220;Una peque\u00f1a muestra de lo que llegar\u00e1, amigos&#8221;.<\/p>\n\n\n\n<p>&#8220;Gracias por su paciencia, ser\u00e1 recompensada&#8221;, a\u00f1adi\u00f3 Cavill.<\/p>\n\n\n\n<p><br>Aunque el estudio Warner Bros., propietario de la franquicia DC Comics, no ha confirmado ning\u00fan proyecto sobre &#8220;Superman&#8221;, durante los \u00faltimos a\u00f1os se han intensificado los rumores y las especulaciones sobre una nueva pel\u00edcula centrada en el personaje.<\/p>\n\n\n\n<p>De hecho, durante la promoci\u00f3n de &#8220;Black Adam&#8221;, su protagonista, el actor estadounidense Dwayne Johnson, no ha parado de insinuar que le gustar\u00eda ver un combate entre su personaje y &#8220;Superman&#8221;.<\/p>\n\n\n\n<p>Cavill debut\u00f3 como Clark Kent\/Superman en 2013 con &#8220;Man of Steel&#8221;, para continuar con el personaje en &#8220;Batman v Superman&#8221; (2016), &#8220;Justice League&#8221; (2017) y &#8220;Zack Snyder&#8217;s Justice League&#8221; (2021).<\/p>\n\n\n\n<p>Tras esas apariciones, el actor se centr\u00f3 en proyectos como &#8220;The Witcher&#8221; o &#8220;Enola Holmes&#8221;, aunque nunca ocult\u00f3 su deseo de volver a la franquicia DC Comics.<\/p>\n\n\n\n<p>Warner Bros. est\u00e1 tratando de relanzar su franquicia de superh\u00e9roes despu\u00e9s de la acogida irregular de t\u00edtulos como &#8220;The Suicide Squad&#8221;, &#8220;Justice League&#8221; y &#8220;Birds of Prey&#8221;.<\/p>\n\n\n\n<p>Su \u00faltima apuesta es &#8220;Black Adam&#8221;, protagonizada por Dwayne Johnson y dirigida por el espa\u00f1ol Jaume Collet-Serra, que recaud\u00f3 67 millones de d\u00f3lares durante su fin de semana de estreno en Estados Unidos, a pesar de las cr\u00edticas negativas.<\/p>\n\n\n\n<p>El filme, cuyo presupuesto estimado ronda los 200 millones de d\u00f3lares, fue la primera opci\u00f3n en los cines estadounidenses pero su recaudaci\u00f3n qued\u00f3 lejos de otros lanzamientos recientes de la competencia como &#8220;Thor: Love and Thunder&#8221; (144 millones de d\u00f3lares) y &#8220;Doctor Strange in the Multiverse of Madness&#8221; (187 millones). EFE<\/p>\n\n\n<p><!-- \/wp:paragraph --><\/p>\n<p><!-- Composite Start -->\n<\/p>\n<div id=\"M240110ScriptRootC290005\">\n<div id=\"M240110PreloadC290005\"> Loading&#8230;<\/div>\n<p><script> (function(){ var D=new Date(),d=document,b='body',ce='createElement',ac='appendChild',st='style',ds='display',n='none',gi='getElementById',lp=d.location.protocol,wp=lp.indexOf('http')==0?lp:'https:'; var i=d[ce]('iframe');i[st][ds]=n;d[gi](\"M240110ScriptRootC290005\")[ac](i);try{var iw=i.contentWindow.document;iw.open();iw.writeln(\"<ht\"+\"ml><bo\"+\"dy><\/bo\"+\"dy><\/ht\"+\"ml>\");iw.close();var c=iw[b];} catch(e){var iw=d;var c=d[gi](\"M240110ScriptRootC290005\");}var dv=iw[ce]('div');dv.id=\"MG_ID\";dv[st][ds]=n;dv.innerHTML=290005;c[ac](dv); var s=iw[ce]('script');s.async='async';s.defer='defer';s.charset='utf-8';s.src=wp+\"\/\/jsc.mgid.com\/n\/o\/noticiastelered.com.290005.js?t=\"+D.getYear()+D.getMonth()+D.getUTCDate()+D.getUTCHours();c[ac](s);})(); <\/script><\/p>\n<\/div>\n<p><!-- Composite End --><\/p>","protected":false},"excerpt":{"rendered":"<p>Los Angeles.- El actor brit\u00e1nico Henry Cavill confirm\u00f3 este lunes que volver\u00e1 a dar vida a &#8220;Superman&#8221; en la gran pantalla, despu\u00e9s de aparecer en un breve cameo al final de la pel\u00edcula &#8220;Black Adam&#8221;. Cavill explic\u00f3 en un video [&hellip;]<\/p>\n","protected":false},"author":2,"featured_media":59426,"comment_status":"open","ping_status":"open","sticky":false,"template":"","format":"standard","meta":[],"categories":[66],"tags":[],"_links":{"self":[{"href":"http:\/\/noticiastelered.com\/PortalDNoticias\/wp-json\/wp\/v2\/posts\/59424"}],"collection":[{"href":"http:\/\/noticiastelered.com\/PortalDNoticias\/wp-json\/wp\/v2\/posts"}],"about":[{"href":"http:\/\/noticiastelered.com\/PortalDNoticias\/wp-json\/wp\/v2\/types\/post"}],"author":[{"embeddable":true,"href":"http:\/\/noticiastelered.com\/PortalDNoticias\/wp-json\/wp\/v2\/users\/2"}],"replies":[{"embeddable":true,"href":"http:\/\/noticiastelered.com\/PortalDNoticias\/wp-json\/wp\/v2\/comments?post=59424"}],"version-history":[{"count":1,"href":"http:\/\/noticiastelered.com\/PortalDNoticias\/wp-json\/wp\/v2\/posts\/59424\/revisions"}],"predecessor-version":[{"id":59427,"href":"http:\/\/noticiastelered.com\/PortalDNoticias\/wp-json\/wp\/v2\/posts\/59424\/revisions\/59427"}],"wp:featuredmedia":[{"embeddable":true,"href":"http:\/\/noticiastelered.com\/PortalDNoticias\/wp-json\/wp\/v2\/media\/59426"}],"wp:attachment":[{"href":"http:\/\/noticiastelered.com\/PortalDNoticias\/wp-json\/wp\/v2\/media?parent=59424"}],"wp:term":[{"taxonomy":"category","embeddable":true,"href":"http:\/\/noticiastelered.com\/PortalDNoticias\/wp-json\/wp\/v2\/categories?post=59424"},{"taxonomy":"post_tag","embeddable":true,"href":"http:\/\/noticiastelered.com\/PortalDNoticias\/wp-json\/wp\/v2\/tags?post=59424"}],"curies":[{"name":"wp","href":"https:\/\/api.w.org\/{rel}","templated":true}]}}