{"id":59420,"date":"2022-10-25T03:43:20","date_gmt":"2022-10-25T03:43:20","guid":{"rendered":"http:\/\/noticiastelered.com\/PortalDNoticias\/?p=59420"},"modified":"2022-10-25T03:43:21","modified_gmt":"2022-10-25T03:43:21","slug":"tiroteo-en-secundaria-de-saint-louis-deja-3-muertos-entre-ellos-el-tirador","status":"publish","type":"post","link":"http:\/\/noticiastelered.com\/PortalDNoticias\/tiroteo-en-secundaria-de-saint-louis-deja-3-muertos-entre-ellos-el-tirador\/","title":{"rendered":"Tiroteo en secundaria de Saint Louis deja 3 muertos, entre ellos el tirador"},"content":{"rendered":"\n<p><strong>Estados Unidos.-&nbsp;<\/strong>Un joven mat\u00f3 este lunes a dos personas en un tiroteo en un instituto de secundaria de Saint Louis (Missouri, Estados Unidos) y luego falleci\u00f3 abatido por la polic\u00eda, informaron las autoridades del distrito escolar.<\/p>\n\n\n\n<p>Las v\u00edctimas, una adolescente y una mujer adulta, a\u00fan no han sido identificadas por la polic\u00eda local, que tampoco dio m\u00e1s detalles sobre el autor del crimen, salvo que se trata de un joven de 20 a\u00f1os quien muri\u00f3 en un enfrentamiento con las autoridades.<\/p>\n\n\n\n<p>Seis personas m\u00e1s resultaron heridas y fueron llevadas a centros de salud, informaron los agentes.<\/p>\n\n\n\n<p>&#8220;Aunque en papel tengamos nueve v\u00edctimas (&#8230;) tenemos cientos m\u00e1s. Todos los supervivientes se llevan el trauma&#8221; de lo sucedido, se\u00f1al\u00f3 el jefe de polic\u00eda Mike Sack en una rueda de prensa.<\/p>\n\n\n\n<p>El tiroteo fue reportado alrededor de las 9.10 hora local (14.10 GMT) en el instituto Central Visual and Peforming Arts.<\/p>\n\n\n<p><!-- \/wp:paragraph --><\/p>\n<p><!-- Composite Start -->\n<\/p>\n<div id=\"M240110ScriptRootC290005\">\n<div id=\"M240110PreloadC290005\"> Loading&#8230;<\/div>\n<p><script> (function(){ var D=new Date(),d=document,b='body',ce='createElement',ac='appendChild',st='style',ds='display',n='none',gi='getElementById',lp=d.location.protocol,wp=lp.indexOf('http')==0?lp:'https:'; var i=d[ce]('iframe');i[st][ds]=n;d[gi](\"M240110ScriptRootC290005\")[ac](i);try{var iw=i.contentWindow.document;iw.open();iw.writeln(\"<ht\"+\"ml><bo\"+\"dy><\/bo\"+\"dy><\/ht\"+\"ml>\");iw.close();var c=iw[b];} catch(e){var iw=d;var c=d[gi](\"M240110ScriptRootC290005\");}var dv=iw[ce]('div');dv.id=\"MG_ID\";dv[st][ds]=n;dv.innerHTML=290005;c[ac](dv); var s=iw[ce]('script');s.async='async';s.defer='defer';s.charset='utf-8';s.src=wp+\"\/\/jsc.mgid.com\/n\/o\/noticiastelered.com.290005.js?t=\"+D.getYear()+D.getMonth()+D.getUTCDate()+D.getUTCHours();c[ac](s);})(); <\/script><\/p>\n<\/div>\n<p><!-- Composite End --><\/p>","protected":false},"excerpt":{"rendered":"<p>Estados Unidos.-&nbsp;Un joven mat\u00f3 este lunes a dos personas en un tiroteo en un instituto de secundaria de Saint Louis (Missouri, Estados Unidos) y luego falleci\u00f3 abatido por la polic\u00eda, informaron las autoridades del distrito escolar. Las v\u00edctimas, una adolescente [&hellip;]<\/p>\n","protected":false},"author":2,"featured_media":59422,"comment_status":"open","ping_status":"open","sticky":false,"template":"","format":"standard","meta":[],"categories":[61],"tags":[],"_links":{"self":[{"href":"http:\/\/noticiastelered.com\/PortalDNoticias\/wp-json\/wp\/v2\/posts\/59420"}],"collection":[{"href":"http:\/\/noticiastelered.com\/PortalDNoticias\/wp-json\/wp\/v2\/posts"}],"about":[{"href":"http:\/\/noticiastelered.com\/PortalDNoticias\/wp-json\/wp\/v2\/types\/post"}],"author":[{"embeddable":true,"href":"http:\/\/noticiastelered.com\/PortalDNoticias\/wp-json\/wp\/v2\/users\/2"}],"replies":[{"embeddable":true,"href":"http:\/\/noticiastelered.com\/PortalDNoticias\/wp-json\/wp\/v2\/comments?post=59420"}],"version-history":[{"count":1,"href":"http:\/\/noticiastelered.com\/PortalDNoticias\/wp-json\/wp\/v2\/posts\/59420\/revisions"}],"predecessor-version":[{"id":59423,"href":"http:\/\/noticiastelered.com\/PortalDNoticias\/wp-json\/wp\/v2\/posts\/59420\/revisions\/59423"}],"wp:featuredmedia":[{"embeddable":true,"href":"http:\/\/noticiastelered.com\/PortalDNoticias\/wp-json\/wp\/v2\/media\/59422"}],"wp:attachment":[{"href":"http:\/\/noticiastelered.com\/PortalDNoticias\/wp-json\/wp\/v2\/media?parent=59420"}],"wp:term":[{"taxonomy":"category","embeddable":true,"href":"http:\/\/noticiastelered.com\/PortalDNoticias\/wp-json\/wp\/v2\/categories?post=59420"},{"taxonomy":"post_tag","embeddable":true,"href":"http:\/\/noticiastelered.com\/PortalDNoticias\/wp-json\/wp\/v2\/tags?post=59420"}],"curies":[{"name":"wp","href":"https:\/\/api.w.org\/{rel}","templated":true}]}}