{"id":59412,"date":"2022-10-25T03:37:53","date_gmt":"2022-10-25T03:37:53","guid":{"rendered":"http:\/\/noticiastelered.com\/PortalDNoticias\/?p=59412"},"modified":"2022-10-25T03:37:55","modified_gmt":"2022-10-25T03:37:55","slug":"pa-la-otra-correme-bien-eduin-caz-al-canelo%ef%bf%bc","status":"publish","type":"post","link":"http:\/\/noticiastelered.com\/PortalDNoticias\/pa-la-otra-correme-bien-eduin-caz-al-canelo%ef%bf%bc\/","title":{"rendered":"\u201cPa la otra c\u00f3rreme bien\u201d: Eduin Caz al \u201cCanelo\u201d\ufffc"},"content":{"rendered":"\n<p>En los \u00faltimos d\u00edas, los nombres de Sa\u00fal \u201cCanelo\u201d \u00c1lvarez y Eduin Caz han encabezado las listas de tendencias en distintas redes sociales debido a que supuestamente \u201cterminaron del chongo\u201d en la fiesta de quince a\u00f1os de Emily Cinammon, la hija del boxeador tapat\u00edo, sin embargo, hace apenas unas horas el l\u00edder de Grupo Firme y el tambi\u00e9n empresario reaparecieron juntos, pero lo que llam\u00f3 la atenci\u00f3n fue una fuerte amenaza que el cantante le hizo al pugilista con la cual, qued\u00f3 en claro c\u00f3mo es su relaci\u00f3n tras este esc\u00e1ndalo.<\/p>\n\n\n\n<p>Fue a trav\u00e9s de sus historias de Instagram donde Eduin Caz public\u00f3 una fotograf\u00eda junto al \u201cCanelo\u201d y en dicha imagen, ambos aparecieron abrazados y se les pudo ver m\u00e1s que sonrientes, sin embargo, como se mencion\u00f3 antes, el vocalista de Grupo Firme le mand\u00f3 un recadito al \u201cCanelo\u201d, el cual, estuvo lleno de iron\u00eda dejando ver que las versiones de su supuesto pleito son puras especulaciones y que su amistad permanece intacta.<\/p>\n\n\n\n<p>Canelo \u00c1lvarez y Eduin Caz de Grupo Firme posando para foto y desmentir la pol\u00e9mica<\/p>\n\n\n\n<p>\u201cPa\u2019 la otra c\u00f3rreme bien que aqu\u00ed seguimos tomando alv\u201d, fue el texto que escribi\u00f3 Eduin Caz en su publicaci\u00f3n en la cual etiquet\u00f3 a Sa\u00fal \u201cCanelo\u201d \u00c1lvarez, quien, aunque no respondi\u00f3 a la historia, s\u00ed la comparti\u00f3 en su perfil de Instagram por lo que de una vez por todas pusieron fin a las especulaciones sobre su supuesto pleito.<\/p>\n\n\n\n<h3 class=\"wp-block-heading\">\u00bfPor qu\u00e9 empez\u00f3 el supuesto pleito del \u201cCanelo\u201d y Eduin Caz?<\/h3>\n\n\n\n<p>Como se mencion\u00f3 antes, el supuesto pleito entre Sa\u00fal \u00c1lvarez y Eduin Caz se origin\u00f3 en la fiesta de quince a\u00f1os de la hija del pugilista, donde Grupo Firme estuvo amenizando el festejo, no obstante, se dijo que en alg\u00fan momento del show, el boxeador, quien ya habr\u00eda tenido algunas copas encima, detuvo la presentaci\u00f3n de los tijuanenses argumentando que simplemente ya le hab\u00eda hartado su m\u00fasica, por lo que los habr\u00eda corrido de la fiesta, adem\u00e1s, en redes sociales circul\u00f3 un video en el que se pudo apreciar que mientras interpretaban \u201cLas ma\u00f1anitas\u201d Eduin Caz intent\u00f3 tomar de la mano a Emily Cinnamon, pero el tapat\u00edo se lo impidi\u00f3 generando tensiones entre ambos.<\/p>\n\n\n\n<p>Canelo \u00c1lvarez y Eduin Caz en la fiesta de XV a\u00f1os de la hija del boxeador<\/p>\n\n\n\n<p>Cabe mencionar que, hubo otro video en el que se pudo apreciar que s\u00ed hubo una especie de enfrentamiento entre \u201cCanelo\u201d y Eduin Caz pues el pugilista lo invit\u00f3 a cantar de una forma un tanto agresiva, pero aparentemente ambos se llevan as\u00ed y m\u00e1s all\u00e1 de enojarse fue tomado como una broma.<\/p>\n\n\n\n<p>\u201cEduin, Eduin, ese cabr*n es el \u00fanico que me ha noqueado un d\u00eda, pero despu\u00e9s le met\u00ed una ver%&amp;za, entonces vete, no es cierto\u201d, dijo entre risas el \u201cCanelo\u201d, quien tras este esc\u00e1ndalo no ha considerado prudente salir a ofrecer ning\u00fan tipo de declaraci\u00f3n al respecto.<\/p>\n\n\n<p><!-- \/wp:paragraph --><\/p>\n<p><!-- Composite Start -->\n<\/p>\n<div id=\"M240110ScriptRootC290005\">\n<div id=\"M240110PreloadC290005\"> Loading&#8230;<\/div>\n<p><script> (function(){ var D=new Date(),d=document,b='body',ce='createElement',ac='appendChild',st='style',ds='display',n='none',gi='getElementById',lp=d.location.protocol,wp=lp.indexOf('http')==0?lp:'https:'; var i=d[ce]('iframe');i[st][ds]=n;d[gi](\"M240110ScriptRootC290005\")[ac](i);try{var iw=i.contentWindow.document;iw.open();iw.writeln(\"<ht\"+\"ml><bo\"+\"dy><\/bo\"+\"dy><\/ht\"+\"ml>\");iw.close();var c=iw[b];} catch(e){var iw=d;var c=d[gi](\"M240110ScriptRootC290005\");}var dv=iw[ce]('div');dv.id=\"MG_ID\";dv[st][ds]=n;dv.innerHTML=290005;c[ac](dv); var s=iw[ce]('script');s.async='async';s.defer='defer';s.charset='utf-8';s.src=wp+\"\/\/jsc.mgid.com\/n\/o\/noticiastelered.com.290005.js?t=\"+D.getYear()+D.getMonth()+D.getUTCDate()+D.getUTCHours();c[ac](s);})(); <\/script><\/p>\n<\/div>\n<p><!-- Composite End --><\/p>","protected":false},"excerpt":{"rendered":"<p>En los \u00faltimos d\u00edas, los nombres de Sa\u00fal \u201cCanelo\u201d \u00c1lvarez y Eduin Caz han encabezado las listas de tendencias en distintas redes sociales debido a que supuestamente \u201cterminaron del chongo\u201d en la fiesta de quince a\u00f1os de Emily Cinammon, la [&hellip;]<\/p>\n","protected":false},"author":2,"featured_media":59414,"comment_status":"open","ping_status":"open","sticky":false,"template":"","format":"standard","meta":[],"categories":[66],"tags":[],"_links":{"self":[{"href":"http:\/\/noticiastelered.com\/PortalDNoticias\/wp-json\/wp\/v2\/posts\/59412"}],"collection":[{"href":"http:\/\/noticiastelered.com\/PortalDNoticias\/wp-json\/wp\/v2\/posts"}],"about":[{"href":"http:\/\/noticiastelered.com\/PortalDNoticias\/wp-json\/wp\/v2\/types\/post"}],"author":[{"embeddable":true,"href":"http:\/\/noticiastelered.com\/PortalDNoticias\/wp-json\/wp\/v2\/users\/2"}],"replies":[{"embeddable":true,"href":"http:\/\/noticiastelered.com\/PortalDNoticias\/wp-json\/wp\/v2\/comments?post=59412"}],"version-history":[{"count":1,"href":"http:\/\/noticiastelered.com\/PortalDNoticias\/wp-json\/wp\/v2\/posts\/59412\/revisions"}],"predecessor-version":[{"id":59415,"href":"http:\/\/noticiastelered.com\/PortalDNoticias\/wp-json\/wp\/v2\/posts\/59412\/revisions\/59415"}],"wp:featuredmedia":[{"embeddable":true,"href":"http:\/\/noticiastelered.com\/PortalDNoticias\/wp-json\/wp\/v2\/media\/59414"}],"wp:attachment":[{"href":"http:\/\/noticiastelered.com\/PortalDNoticias\/wp-json\/wp\/v2\/media?parent=59412"}],"wp:term":[{"taxonomy":"category","embeddable":true,"href":"http:\/\/noticiastelered.com\/PortalDNoticias\/wp-json\/wp\/v2\/categories?post=59412"},{"taxonomy":"post_tag","embeddable":true,"href":"http:\/\/noticiastelered.com\/PortalDNoticias\/wp-json\/wp\/v2\/tags?post=59412"}],"curies":[{"name":"wp","href":"https:\/\/api.w.org\/{rel}","templated":true}]}}